{"id":74923,"date":"2025-12-18T10:54:54","date_gmt":"2025-12-18T07:54:54","guid":{"rendered":"https:\/\/www.egemtv.com\/?p=74923"},"modified":"2025-12-18T10:54:54","modified_gmt":"2025-12-18T07:54:54","slug":"denizli-osbden-yerli-ve-milli-uretime-guclu-destek","status":"publish","type":"post","link":"https:\/\/www.egemtv.com\/?p=74923","title":{"rendered":"Denizli OSB\u2019den yerli ve milli \u00fcretime g\u00fc\u00e7l\u00fc destek"},"content":{"rendered":"<p>Honaz Kaymakaml\u0131\u011f\u0131 ile Denizli Organize Sanayi B\u00f6lgesi i\u015f birli\u011finde d\u00fczenlenen &#8220;Tutum, Yat\u0131r\u0131m ve T\u00fcrk Mallar\u0131 Haftas\u0131 Sergi A\u00e7\u0131l\u0131\u015f ve Etkinlikleri&#8221;, DOSTEK Koleji ev sahipli\u011finde ger\u00e7ekle\u015ftirildi.<\/p>\n<p>Programa; Denizli Valisi \u00d6mer Faruk Co\u015fkun, Pamukkale \u00dcniversitesi Rekt\u00f6r Yard\u0131mc\u0131s\u0131 ve Denizli OSB Teknopark Genel M\u00fcd\u00fcr\u00fc Prof. Dr. Ersan \u00d6z, Honaz Kaymakam\u0131 Vahit Y\u0131lmaz, Honaz Belediye Ba\u015fkan\u0131 Y\u00fcksel Kepenek, \u0130l Milli E\u011fitim M\u00fcd\u00fcr\u00fc Dr. Emre \u00c7al\u0131\u015fkan, \u0130l Emniyet M\u00fcd\u00fcr Yard\u0131mc\u0131s\u0131 S\u00fcleyman Er\u00e7elik, Denizli OSB Y\u00f6netim Kurulu Ba\u015fkan\u0131 Derya Baltal\u0131, Y\u00f6netim Kurulu Ba\u015fkan Vekili Selim Yaymano\u011flu, Y\u00f6netim Kurulu \u00dcyesi Mehmet \u00c7al\u0131\u015fkan, B\u00f6lge M\u00fcd\u00fcr\u00fc Ahmet Ta\u015f, DOSTEK Koleji M\u00fcd\u00fcr\u00fc Saadettin Dumlu, sanayiciler, \u00f6\u011fretmenler ve \u00f6\u011frenciler kat\u0131ld\u0131.<br \/>\n<br \/>Program kapsam\u0131nda protokol \u00fcyeleri, Denizli OSB b\u00fcnyesindeki firmalar\u0131n a\u00e7t\u0131\u011f\u0131 stantlarda sergilenen \u00fcr\u00fcnlerin yer ald\u0131\u011f\u0131 serginin a\u00e7\u0131l\u0131\u015f\u0131n\u0131 ger\u00e7ekle\u015ftirdi. Ard\u0131ndan DOSTEK Koleji Konferans Salonu\u2019nda a\u00e7\u0131l\u0131\u015f konu\u015fmalar\u0131na ge\u00e7ildi.<\/p>\n<p>&#8220;Bir \u00fclkenin ger\u00e7ek kalk\u0131nmas\u0131, kendi \u00fcreten g\u00fcc\u00fcne sahip \u00e7\u0131kmas\u0131yla m\u00fcmk\u00fcnd\u00fcr&#8221;<br \/>\n<br \/>Etkinli\u011fin a\u00e7\u0131l\u0131\u015f\u0131nda konu\u015fan Denizli OSB Y\u00f6netim Kurulu Ba\u015fkan\u0131 Derya Baltal\u0131; &#8220;Tutum, Yat\u0131r\u0131m ve T\u00fcrk Mallar\u0131 Haftas\u0131 dolay\u0131s\u0131yla bir araya geldi\u011fimiz bu anlaml\u0131 etkinlikte sizleri a\u011f\u0131rlamaktan b\u00fcy\u00fck bir onur duyuyoruz. Bu hafta; yerli \u00fcretimin, milli sermayenin ve tasarruf bilincinin yaln\u0131zca ekonomik de\u011fil, ayn\u0131 zamanda stratejik bir de\u011fer oldu\u011funu hat\u0131rlat\u0131r. Denizli OSB olarak bizler, bu stratejik de\u011feri ya\u015fatmak ve gelece\u011fe ta\u015f\u0131mak i\u00e7in durmaks\u0131z\u0131n \u00e7al\u0131\u015f\u0131yoruz. \u00c7\u00fcnk\u00fc biliyoruz ki; bir \u00fclkenin ger\u00e7ek kalk\u0131nmas\u0131, kendi \u00fcreten g\u00fcc\u00fcne sahip \u00e7\u0131kmas\u0131yla m\u00fcmk\u00fcn olur&#8221; dedi.<\/p>\n<p>DEN\u0130B Ba\u015fkan\u0131 H\u00fcseyin Memi\u015fo\u011flu ise serginin olu\u015fturdu\u011fu alg\u0131n\u0131n son derece k\u0131ymetli oldu\u011funu belirterek, okul ve \u00f6\u011frencilerin elde etti\u011fi ba\u015far\u0131lar\u0131n gurur verici oldu\u011funu ifade etti. DEN\u0130B Ba\u015fkan\u0131 H\u00fcseyin Memi\u015fo\u011flu, ihracatta gelinen seviyeye ve sanayinin b\u00fcy\u00fcme s\u00fcrecine dikkat \u00e7ekerken, kaynaklar\u0131n verimli kullan\u0131lmas\u0131 ve tutumlu olman\u0131n \u00f6nemine vurgu yapt\u0131.<br \/>\n<br \/>Be\u015feri sermayenin ve e\u011fitimin kalk\u0131nmadaki belirleyici rol\u00fcne vurgu yapan \u0130l Milli E\u011fitim M\u00fcd\u00fcr\u00fc Dr. Emre \u00c7al\u0131\u015fkan, sanayi ile e\u011fitimin birlikte ilerlemesinin \u00f6nemine i\u015faret etti. M\u00fcd\u00fcr Emre \u00c7al\u0131\u015fkan, DOSTEK Koleji\u2019nin TEKNOFEST Yar\u0131\u015fmas\u0131\u2019nda g\u00f6sterdi\u011fi centilmenlik \u00f6rne\u011fine at\u0131fta bulunarak ba\u015far\u0131lar\u0131 nedeniyle kutlad\u0131.<\/p>\n<p>PA\u00dc Rekt\u00f6r Yard\u0131mc\u0131s\u0131 Ersan \u00d6z konu\u015fmas\u0131nda yerli markalar\u0131n kullan\u0131m\u0131n\u0131n stratejik \u00f6nemine de\u011findi. T\u00fcrk markalar\u0131n\u0131n k\u00fcresel \u00f6l\u00e7ekte b\u00fcy\u00fcme g\u00f6sterdi\u011fini ve uluslararas\u0131 pazarlarda g\u00fc\u00e7l\u00fc bir konuma ula\u015ft\u0131\u011f\u0131n\u0131 belirtti.<\/p>\n<p>Denizli Valisi \u00d6mer Faruk Co\u015fkun ise g\u00fcn\u00fcm\u00fcz teknolojik yeniliklerini yak\u0131ndan takip eden yerli ve milli \u00fcretimin g\u00fcc\u00fcne dikkat \u00e7ekti. Yerli \u00fcretim ve t\u00fcketimin art\u0131r\u0131lmas\u0131n\u0131n stratejik bir gereklilik oldu\u011funu belirten Denizli Valisi \u00d6mer Faruk Co\u015fkun, T\u00fcrkiye\u2019nin hayata ge\u00e7irdi\u011fi projelerin uluslararas\u0131 alanda gurur kayna\u011f\u0131 oldu\u011funu ifade etti.<br \/>\n<br \/>Program Denizli OSB Y\u00f6netim Kurulu Ba\u015fkan\u0131 Derya Baltal\u0131\u2019n\u0131n Denizli Valisi \u00d6mer Faruk Co\u015fkun\u2019a hediye takdimi ve hat\u0131ra foto\u011fraf\u0131n\u0131n \u00e7ekilmesinin ard\u0131ndan sona erdi.<br \/><\/p>\n","protected":false},"excerpt":{"rendered":"<p>Honaz Kaymakaml\u0131\u011f\u0131 ile Denizli Organize Sanayi B\u00f6lgesi i\u015f birli\u011finde d\u00fczenlenen &#8220;Tutum, Yat\u0131r\u0131m ve T\u00fcrk Mallar\u0131 Haftas\u0131 Sergi A\u00e7\u0131l\u0131\u015f ve Etkinlikleri&#8221;, DOSTEK Koleji ev sahipli\u011finde ger\u00e7ekle\u015ftirildi. Programa; Denizli Valisi \u00d6mer Faruk Co\u015fkun, Pamukkale \u00dcniversitesi Rekt\u00f6r Yard\u0131mc\u0131s\u0131 ve Denizli OSB Teknopark Genel M\u00fcd\u00fcr\u00fc Prof. Dr. Ersan \u00d6z, Honaz Kaymakam\u0131 Vahit Y\u0131lmaz, Honaz Belediye Ba\u015fkan\u0131 Y\u00fcksel Kepenek, \u0130l&#8230;<\/p>\n","protected":false},"author":1,"featured_media":74924,"comment_status":"open","ping_status":"open","sticky":false,"template":"","format":"standard","meta":{"_crdt_document":"","footnotes":""},"categories":[125],"tags":[],"class_list":["post-74923","post","type-post","status-publish","format-standard","has-post-thumbnail","hentry","category-ekonomi"],"_links":{"self":[{"href":"https:\/\/www.egemtv.com\/index.php?rest_route=\/wp\/v2\/posts\/74923","targetHints":{"allow":["GET"]}}],"collection":[{"href":"https:\/\/www.egemtv.com\/index.php?rest_route=\/wp\/v2\/posts"}],"about":[{"href":"https:\/\/www.egemtv.com\/index.php?rest_route=\/wp\/v2\/types\/post"}],"author":[{"embeddable":true,"href":"https:\/\/www.egemtv.com\/index.php?rest_route=\/wp\/v2\/users\/1"}],"replies":[{"embeddable":true,"href":"https:\/\/www.egemtv.com\/index.php?rest_route=%2Fwp%2Fv2%2Fcomments&post=74923"}],"version-history":[{"count":1,"href":"https:\/\/www.egemtv.com\/index.php?rest_route=\/wp\/v2\/posts\/74923\/revisions"}],"predecessor-version":[{"id":74925,"href":"https:\/\/www.egemtv.com\/index.php?rest_route=\/wp\/v2\/posts\/74923\/revisions\/74925"}],"wp:featuredmedia":[{"embeddable":true,"href":"https:\/\/www.egemtv.com\/index.php?rest_route=\/wp\/v2\/media\/74924"}],"wp:attachment":[{"href":"https:\/\/www.egemtv.com\/index.php?rest_route=%2Fwp%2Fv2%2Fmedia&parent=74923"}],"wp:term":[{"taxonomy":"category","embeddable":true,"href":"https:\/\/www.egemtv.com\/index.php?rest_route=%2Fwp%2Fv2%2Fcategories&post=74923"},{"taxonomy":"post_tag","embeddable":true,"href":"https:\/\/www.egemtv.com\/index.php?rest_route=%2Fwp%2Fv2%2Ftags&post=74923"}],"curies":[{"name":"wp","href":"https:\/\/api.w.org\/{rel}","templated":true}]}}