{"id":74920,"date":"2025-12-18T10:54:53","date_gmt":"2025-12-18T07:54:53","guid":{"rendered":"https:\/\/www.egemtv.com\/?p=74920"},"modified":"2025-12-18T10:54:54","modified_gmt":"2025-12-18T07:54:54","slug":"ehliyetini-2-yil-once-aldigini-soyledi-aday-surucu-oldugu-tespit-edilince-ehliyeti-iptal-edildi","status":"publish","type":"post","link":"https:\/\/www.egemtv.com\/?p=74920","title":{"rendered":"Ehliyetini 2 y\u0131l \u00f6nce ald\u0131\u011f\u0131n\u0131 s\u00f6yledi, aday s\u00fcr\u00fcc\u00fc oldu\u011fu tespit edilince ehliyeti iptal edildi"},"content":{"rendered":"<p>Burdur\u2019da polis ekipleri taraf\u0131ndan \u015f\u00fcphe \u00fczerine durdurulan otomobildeki s\u00fcr\u00fcc\u00fc 0.56 promil alkoll\u00fc oldu\u011fu tespit edildi. Polislerin ehliyetini ne zaman ald\u0131n sorusuna s\u00fcr\u00fcc\u00fc 2 y\u0131l \u00f6nce ald\u0131\u011f\u0131n\u0131 ifade ederken gencin aday s\u00fcr\u00fcc\u00fc oldu\u011fu belirlendi. Ehliyeti iptal edilirken alkoll\u00fc ara\u00e7 kullanmaktan 9 bin 268 lira da idari para cezas\u0131 uyguland\u0131.<br \/>\n<br \/>Olay, gece saatlerinde Emek Mahallesi B\u00fclten Ecevit Bulvar\u0131 \u00fczerinde meydana geldi. Edinilen bilgiye g\u00f6re, O.E.A. (21), 15 ACR 728 plakal\u0131 otomobili ile seyir halindeyken durumundan \u015f\u00fcphelenen polis ekipleri taraf\u0131ndan durduruldu. Yap\u0131lan alkol kontroll\u00fcnde 0.56 promil oldu\u011fu belirlenen s\u00fcr\u00fcc\u00fcn\u00fcn ehliyetine bak\u0131ld\u0131\u011f\u0131nda ise aday s\u00fcr\u00fcc\u00fc oldu\u011fu tespit edildi. Yap\u0131lan i\u015flemlerin ard\u0131ndan gencin ehliyeti iptal edilirken alkoll\u00fc ara\u00e7 kullanmaktan 9 bin 268 lira da idari para cezas\u0131 uyguland\u0131.<br \/>\n<br \/>Ehliyetini 2 y\u0131l \u00f6nce ald\u0131\u011f\u0131n\u0131 s\u00f6yleyen O.E.A., ehliyetinin iptal oldu\u011funu ge\u00e7 anlad\u0131. Kendisini g\u00f6r\u00fcnt\u00fcleyen gazetecilere ise, \u2019Sen ne \u00e7ekiyorsun\u2019 diyerek tepki g\u00f6sterdi.<br \/><\/p>\n","protected":false},"excerpt":{"rendered":"<p>Burdur\u2019da polis ekipleri taraf\u0131ndan \u015f\u00fcphe \u00fczerine durdurulan otomobildeki s\u00fcr\u00fcc\u00fc 0.56 promil alkoll\u00fc oldu\u011fu tespit edildi. Polislerin ehliyetini ne zaman ald\u0131n sorusuna s\u00fcr\u00fcc\u00fc 2 y\u0131l \u00f6nce ald\u0131\u011f\u0131n\u0131 ifade ederken gencin aday s\u00fcr\u00fcc\u00fc oldu\u011fu belirlendi. Ehliyeti iptal edilirken alkoll\u00fc ara\u00e7 kullanmaktan 9 bin 268 lira da idari para cezas\u0131 uyguland\u0131. Olay, gece saatlerinde Emek Mahallesi B\u00fclten Ecevit&#8230;<\/p>\n","protected":false},"author":1,"featured_media":74921,"comment_status":"open","ping_status":"open","sticky":false,"template":"","format":"standard","meta":{"_crdt_document":"","footnotes":""},"categories":[5],"tags":[],"class_list":["post-74920","post","type-post","status-publish","format-standard","has-post-thumbnail","hentry","category-asayis"],"_links":{"self":[{"href":"https:\/\/www.egemtv.com\/index.php?rest_route=\/wp\/v2\/posts\/74920","targetHints":{"allow":["GET"]}}],"collection":[{"href":"https:\/\/www.egemtv.com\/index.php?rest_route=\/wp\/v2\/posts"}],"about":[{"href":"https:\/\/www.egemtv.com\/index.php?rest_route=\/wp\/v2\/types\/post"}],"author":[{"embeddable":true,"href":"https:\/\/www.egemtv.com\/index.php?rest_route=\/wp\/v2\/users\/1"}],"replies":[{"embeddable":true,"href":"https:\/\/www.egemtv.com\/index.php?rest_route=%2Fwp%2Fv2%2Fcomments&post=74920"}],"version-history":[{"count":1,"href":"https:\/\/www.egemtv.com\/index.php?rest_route=\/wp\/v2\/posts\/74920\/revisions"}],"predecessor-version":[{"id":74922,"href":"https:\/\/www.egemtv.com\/index.php?rest_route=\/wp\/v2\/posts\/74920\/revisions\/74922"}],"wp:featuredmedia":[{"embeddable":true,"href":"https:\/\/www.egemtv.com\/index.php?rest_route=\/wp\/v2\/media\/74921"}],"wp:attachment":[{"href":"https:\/\/www.egemtv.com\/index.php?rest_route=%2Fwp%2Fv2%2Fmedia&parent=74920"}],"wp:term":[{"taxonomy":"category","embeddable":true,"href":"https:\/\/www.egemtv.com\/index.php?rest_route=%2Fwp%2Fv2%2Fcategories&post=74920"},{"taxonomy":"post_tag","embeddable":true,"href":"https:\/\/www.egemtv.com\/index.php?rest_route=%2Fwp%2Fv2%2Ftags&post=74920"}],"curies":[{"name":"wp","href":"https:\/\/api.w.org\/{rel}","templated":true}]}}