{"id":74917,"date":"2025-12-18T10:54:52","date_gmt":"2025-12-18T07:54:52","guid":{"rendered":"https:\/\/www.egemtv.com\/?p=74917"},"modified":"2025-12-18T10:54:53","modified_gmt":"2025-12-18T07:54:53","slug":"soke-muftulugunde-2025-yilinda-100-cift-evet-dedi","status":"publish","type":"post","link":"https:\/\/www.egemtv.com\/?p=74917","title":{"rendered":"S\u00f6ke M\u00fcft\u00fcl\u00fc\u011f\u00fc\u2019nde 2025 y\u0131l\u0131nda 100 \u00e7ift \u2019evet\u2019 dedi"},"content":{"rendered":"<p>S\u00f6ke \u0130l\u00e7e M\u00fcft\u00fcl\u00fc\u011f\u00fc, aile kurumunun g\u00fc\u00e7lendirilmesine y\u00f6nelik \u00e7al\u0131\u015fmalar kapsam\u0131nda 2025 y\u0131l\u0131 i\u00e7erisinde 100. nikah\u0131n\u0131 k\u0131yd\u0131.<\/p>\n<p>S\u00f6ke \u0130l\u00e7e M\u00fcft\u00fcl\u00fc\u011f\u00fc b\u00fcnyesinde verilen resmi nikah hizmetleri kapsam\u0131nda ger\u00e7ekle\u015ftirilen 100. nikah, hem hayatlar\u0131n\u0131 bile\u015ftiren \u00e7ift hem de m\u00fcft\u00fcl\u00fck personeli i\u00e7in \u00f6zel bir an oldu. S\u00f6ke \u0130l\u00e7e M\u00fcft\u00fcl\u00fc\u011f\u00fc yetkilileri nikah t\u00f6reninde evlili\u011fin toplumun temel ta\u015flar\u0131ndan biri oldu\u011funa dikkat \u00e7ekerek evlili\u011fin sevgi, sayg\u0131 ve kar\u015f\u0131l\u0131kl\u0131 sorumluluk bilinci \u00fczerine kurulmas\u0131 gerekti\u011fini vurgulad\u0131. Aile yap\u0131s\u0131n\u0131n korunmas\u0131 ve g\u00fc\u00e7lendirilmesi amac\u0131yla evlilik \u00f6ncesi ve sonras\u0131 rehberlik hizmetlerinin aral\u0131ks\u0131z devam edece\u011fi belirtildi. S\u00f6ke \u0130l\u00e7e M\u00fcft\u00fcl\u00fc\u011f\u00fc \u015eube M\u00fcd\u00fcr\u00fc Adem Karata\u015f taraf\u0131ndan k\u0131y\u0131lan 100. nikah hat\u0131ra foto\u011fraf\u0131 \u00e7ekimi ve Kur\u2019an-\u0131 Kerim hediye edilmesi ile sona erdi.<br \/><\/p>\n","protected":false},"excerpt":{"rendered":"<p>S\u00f6ke \u0130l\u00e7e M\u00fcft\u00fcl\u00fc\u011f\u00fc, aile kurumunun g\u00fc\u00e7lendirilmesine y\u00f6nelik \u00e7al\u0131\u015fmalar kapsam\u0131nda 2025 y\u0131l\u0131 i\u00e7erisinde 100. nikah\u0131n\u0131 k\u0131yd\u0131. S\u00f6ke \u0130l\u00e7e M\u00fcft\u00fcl\u00fc\u011f\u00fc b\u00fcnyesinde verilen resmi nikah hizmetleri kapsam\u0131nda ger\u00e7ekle\u015ftirilen 100. nikah, hem hayatlar\u0131n\u0131 bile\u015ftiren \u00e7ift hem de m\u00fcft\u00fcl\u00fck personeli i\u00e7in \u00f6zel bir an oldu. S\u00f6ke \u0130l\u00e7e M\u00fcft\u00fcl\u00fc\u011f\u00fc yetkilileri nikah t\u00f6reninde evlili\u011fin toplumun temel ta\u015flar\u0131ndan biri oldu\u011funa dikkat \u00e7ekerek evlili\u011fin&#8230;<\/p>\n","protected":false},"author":1,"featured_media":74918,"comment_status":"open","ping_status":"open","sticky":false,"template":"","format":"standard","meta":{"_crdt_document":"","footnotes":""},"categories":[1],"tags":[],"class_list":["post-74917","post","type-post","status-publish","format-standard","has-post-thumbnail","hentry","category-guncel"],"_links":{"self":[{"href":"https:\/\/www.egemtv.com\/index.php?rest_route=\/wp\/v2\/posts\/74917","targetHints":{"allow":["GET"]}}],"collection":[{"href":"https:\/\/www.egemtv.com\/index.php?rest_route=\/wp\/v2\/posts"}],"about":[{"href":"https:\/\/www.egemtv.com\/index.php?rest_route=\/wp\/v2\/types\/post"}],"author":[{"embeddable":true,"href":"https:\/\/www.egemtv.com\/index.php?rest_route=\/wp\/v2\/users\/1"}],"replies":[{"embeddable":true,"href":"https:\/\/www.egemtv.com\/index.php?rest_route=%2Fwp%2Fv2%2Fcomments&post=74917"}],"version-history":[{"count":1,"href":"https:\/\/www.egemtv.com\/index.php?rest_route=\/wp\/v2\/posts\/74917\/revisions"}],"predecessor-version":[{"id":74919,"href":"https:\/\/www.egemtv.com\/index.php?rest_route=\/wp\/v2\/posts\/74917\/revisions\/74919"}],"wp:featuredmedia":[{"embeddable":true,"href":"https:\/\/www.egemtv.com\/index.php?rest_route=\/wp\/v2\/media\/74918"}],"wp:attachment":[{"href":"https:\/\/www.egemtv.com\/index.php?rest_route=%2Fwp%2Fv2%2Fmedia&parent=74917"}],"wp:term":[{"taxonomy":"category","embeddable":true,"href":"https:\/\/www.egemtv.com\/index.php?rest_route=%2Fwp%2Fv2%2Fcategories&post=74917"},{"taxonomy":"post_tag","embeddable":true,"href":"https:\/\/www.egemtv.com\/index.php?rest_route=%2Fwp%2Fv2%2Ftags&post=74917"}],"curies":[{"name":"wp","href":"https:\/\/api.w.org\/{rel}","templated":true}]}}