{"id":74914,"date":"2025-12-18T10:34:47","date_gmt":"2025-12-18T07:34:47","guid":{"rendered":"https:\/\/www.egemtv.com\/?p=74914"},"modified":"2025-12-18T10:34:48","modified_gmt":"2025-12-18T07:34:48","slug":"izmirden-ispanyaya-uzanan-egitim-koprusu","status":"publish","type":"post","link":"https:\/\/www.egemtv.com\/?p=74914","title":{"rendered":"\u0130zmir\u2019den \u0130spanya\u2019ya uzanan \u2018e\u011fitim\u2019 k\u00f6pr\u00fcs\u00fc"},"content":{"rendered":"<p>\u0130zmir Ekonomi \u00dcniversitesi (\u0130E\u00dc), uluslararas\u0131 alandaki i\u015f birliklerine bir yenisini daha ekleyerek \u0130spanya merkezli Cervantes Enstit\u00fcs\u00fc ile protokol imzalad\u0131. \u00d6\u011frencilere yeni e\u011fitim f\u0131rsatlar\u0131n\u0131n sunulmas\u0131, iki \u00fclkenin k\u00fclt\u00fcr\u00fcn\u00fc yans\u0131tacak ortak sanatsal ve akademik etkinliklerin d\u00fczenlenmesi hedefiyle yap\u0131lan anla\u015fmaya, \u0130E\u00dc Rekt\u00f6r\u00fc Prof. Dr. Yusuf Hakan Abac\u0131o\u011flu ve \u0130stanbul Cervantes Enstit\u00fcs\u00fc M\u00fcd\u00fcr\u00fc Fernando Martinez Vara de Rey imza att\u0131.<br \/>\n<br \/>Protokol kapsam\u0131nda, akademisyenlerin ve \u00f6\u011frencilerin ki\u015fisel geli\u015fimlerini h\u0131zland\u0131rmak amac\u0131yla stratejik \u00e7al\u0131\u015fmalar yap\u0131larak yol haritas\u0131 belirlenecek. \u0130spanya\u2019daki \u00fcniversitelerle i\u015f birli\u011fi ve diyalo\u011fun art\u0131r\u0131lmas\u0131 i\u00e7in giri\u015fimlerde bulunulacak. \u0130spanyolca dil s\u0131navlar\u0131nda (DELE) al\u0131nacak sertifikalar\u0131 art\u0131rmaya y\u00f6nelik ortak \u00e7al\u0131\u015fmalar ger\u00e7ekle\u015ftirilecek. Bilimin yan\u0131 s\u0131ra k\u00fclt\u00fcrel anlamda da kar\u015f\u0131l\u0131kl\u0131 olarak sergi, panel ve s\u00f6yle\u015fi gibi etkinlikler d\u00fczenlenerek T\u00fcrk ve \u0130spanyol k\u00fclt\u00fcr\u00fcn\u00fcn daha geni\u015f kesimlere ula\u015fmas\u0131 hedeflenecek.<\/p>\n<p>\u0130mza t\u00f6renine geni\u015f kat\u0131l\u0131m<br \/>\n<br \/>\u0130zmir Ekonomi \u00dcniversitesi\u2019nin ev sahipli\u011finde ger\u00e7ekle\u015fen protokol imza t\u00f6renine; \u0130spanya Ankara B\u00fcy\u00fckel\u00e7isi Cristina Latorre Sancho, \u0130zmir Ticaret Odas\u0131 Y\u00f6netim Kurulu Ba\u015fkan Yard\u0131mc\u0131s\u0131 ve \u0130E\u00dc M\u00fctevelli Heyet \u00dcyesi Emre K\u0131z\u0131lg\u00fcne\u015fler, \u0130spanya Ankara B\u00fcy\u00fckel\u00e7ili\u011fi E\u011fitim Programlar\u0131 Direkt\u00f6r\u00fc D. Gilberto Terente Fernndez, \u0130spanya \u0130zmir Fahri Konsolosu Muharrem Hilmi Kayhan, \u0130E\u00dc Rekt\u00f6r Yard\u0131mc\u0131s\u0131 Prof. Dr. Mehmet Efe Biresselio\u011flu, Uluslararas\u0131 \u0130li\u015fkiler Ofisi M\u00fcd\u00fcr\u00fc H\u00fclya \u0130ncekara, Yabanc\u0131 Diller Y\u00fcksekokulu M\u00fcd\u00fcr Yard\u0131mc\u0131 \u00d6zge Co\u015fkun Aysal, Uluslararas\u0131 \u0130li\u015fkiler Temsilcisi Mehmet \u015eenba\u011fc\u0131, \u0130spanyol Dili Koordinat\u00f6r\u00fc Dilek Amet ve \u0130spanyolca \u00f6\u011fretim g\u00f6revlileri de kat\u0131ld\u0131.<\/p>\n<p>&#8220;Akademik \u00fcretim artacak&#8221;<br \/>\n<br \/>T\u00f6rende konu\u015fan \u0130E\u00dc Rekt\u00f6r\u00fc Prof. Dr. Abac\u0131o\u011flu, \u00fcniversite olarak \u00f6\u011frencileri ve akademisyenleri k\u00fcresel d\u00fcnyan\u0131n dinamiklerine en iyi \u015fekilde haz\u0131rlamak i\u00e7in \u00e7al\u0131\u015ft\u0131klar\u0131n\u0131 s\u00f6yleyerek, &#8220;D\u00fcnyaca sayg\u0131n k\u00fclt\u00fcr ve dil kurumlar\u0131ndan biri olan Cervantes Enstit\u00fcs\u00fc ile imzalad\u0131\u011f\u0131m\u0131z i\u015f birli\u011fi protokol\u00fc, \u00fcniversitemizin uluslararas\u0131la\u015fma vizyonu a\u00e7\u0131s\u0131ndan son derece de\u011ferli ve stratejik bir ad\u0131m. Bu protokol sayesinde \u00f6\u011frencilerimize sadece yeni bir yabanc\u0131 dil \u00f6\u011frenme f\u0131rsat\u0131 sunmakla kalm\u0131yor; ayn\u0131 zamanda farkl\u0131 k\u00fclt\u00fcrleri tan\u0131ma, uluslararas\u0131 akademik ve k\u00fclt\u00fcrel a\u011flara dahil olma imk\u00e2n\u0131 da sa\u011fl\u0131yoruz. Akademisyenlerimiz a\u00e7\u0131s\u0131ndan da bu i\u015f birli\u011fi, \u0130spanya\u2019daki \u00fcniversiteler ve akademik \u00e7evrelerle daha g\u00fc\u00e7l\u00fc ili\u015fkiler kurma, ortak projeler geli\u015ftirme a\u00e7\u0131s\u0131ndan \u00f6nemli f\u0131rsatlar sunacak&#8221; diye konu\u015ftu.<\/p>\n<p>&#8220;\u00c7ok k\u00fclt\u00fcrl\u00fc bak\u0131\u015f a\u00e7\u0131s\u0131 kazanacaklar&#8221;<br \/>\n<br \/>Prof. Dr. Abac\u0131o\u011flu, s\u00f6zlerini \u015f\u00f6yle s\u00fcrd\u00fcrd\u00fc: &#8220;\u00dcniversiteler, ayn\u0131 zamanda k\u00fclt\u00fcrler aras\u0131nda k\u00f6pr\u00fc kuran kurumlard\u0131r. Cervantes Enstit\u00fcs\u00fc ile birlikte hayata ge\u00e7irece\u011fimiz sergi, panel ve s\u00f6yle\u015fi gibi k\u00fclt\u00fcrel etkinlikler sayesinde \u00f6\u011frencilerimizin \u00e7ok k\u00fclt\u00fcrl\u00fc bir bak\u0131\u015f a\u00e7\u0131s\u0131 kazanmas\u0131na katk\u0131da bulunaca\u011f\u0131z. \u00d6\u011frencilerimizi d\u00fcnyaya a\u00e7an, onlar\u0131 uluslararas\u0131 d\u00fczeyde rekabet\u00e7i ve donan\u0131ml\u0131 bireyler haline getiren i\u015f birliklerini art\u0131rarak s\u00fcrd\u00fcrece\u011fiz. Cervantes Enstit\u00fcs\u00fc ile ba\u015flatt\u0131\u011f\u0131m\u0131z bu de\u011ferli ortakl\u0131\u011f\u0131n, \u00fcniversitemiz i\u00e7in uzun vadeli ve kal\u0131c\u0131 kazan\u0131mlar sa\u011flayaca\u011f\u0131na y\u00fcrekten inan\u0131yorum.&#8221;<\/p>\n<p>&#8220;\u0130zmir, \u00f6zel bir yere sahip&#8221;<br \/>\n<br \/>\u0130stanbul Cervantes Enstit\u00fcs\u00fc M\u00fcd\u00fcr\u00fc Fernando Martinez Vara de Rey, \u0130E\u00dc ile imzalanan protokolden b\u00fcy\u00fck mutluluk duyduklar\u0131n\u0131 ifade ederek, bu g\u00fc\u00e7l\u00fc akademik ve k\u00fclt\u00fcrel ba\u011f\u0131n kendileri i\u00e7in \u00e7ok k\u0131ymetli oldu\u011funu s\u00f6yledi. Vara de Rey, &#8220;\u0130zmir; zengin tarihi, k\u00fclt\u00fcrel \u00e7e\u015fitlili\u011fi ve dinamik gen\u00e7 n\u00fcfusuyla her zaman \u00f6zel bir yere sahip. \u0130zmir Ekonomi \u00dcniversitesi\u2019nin vizyonu ve uluslararas\u0131la\u015fmaya verdi\u011fi \u00f6nem, bu i\u015f birli\u011fini daha da anlaml\u0131 hale getiriyor. Bu anla\u015fma sayesinde T\u00fcrk ve \u0130spanyol k\u00fclt\u00fcrlerini, gen\u00e7ler arac\u0131l\u0131\u011f\u0131yla birbirine daha da yak\u0131nla\u015ft\u0131raca\u011f\u0131m\u0131za inan\u0131yorum. \u00d6\u011frencilerin dil \u00f6\u011frenimi, k\u00fclt\u00fcrel etkile\u015fimi ve uluslararas\u0131 deneyim kazanmalar\u0131 i\u00e7in etkili ad\u0131mlar ataca\u011f\u0131z. Bu protokol\u00fcn uzun soluklu ve verimli olmas\u0131n\u0131; her iki \u00fclke i\u00e7in de g\u00fczel sonu\u00e7lar do\u011furmas\u0131n\u0131 diliyorum&#8221; ifadelerini kulland\u0131.<br \/><\/p>\n","protected":false},"excerpt":{"rendered":"<p>\u0130zmir Ekonomi \u00dcniversitesi (\u0130E\u00dc), uluslararas\u0131 alandaki i\u015f birliklerine bir yenisini daha ekleyerek \u0130spanya merkezli Cervantes Enstit\u00fcs\u00fc ile protokol imzalad\u0131. \u00d6\u011frencilere yeni e\u011fitim f\u0131rsatlar\u0131n\u0131n sunulmas\u0131, iki \u00fclkenin k\u00fclt\u00fcr\u00fcn\u00fc yans\u0131tacak ortak sanatsal ve akademik etkinliklerin d\u00fczenlenmesi hedefiyle yap\u0131lan anla\u015fmaya, \u0130E\u00dc Rekt\u00f6r\u00fc Prof. Dr. Yusuf Hakan Abac\u0131o\u011flu ve \u0130stanbul Cervantes Enstit\u00fcs\u00fc M\u00fcd\u00fcr\u00fc Fernando Martinez Vara de Rey imza&#8230;<\/p>\n","protected":false},"author":1,"featured_media":74915,"comment_status":"open","ping_status":"open","sticky":false,"template":"","format":"standard","meta":{"_crdt_document":"","footnotes":""},"categories":[1],"tags":[],"class_list":["post-74914","post","type-post","status-publish","format-standard","has-post-thumbnail","hentry","category-guncel"],"_links":{"self":[{"href":"https:\/\/www.egemtv.com\/index.php?rest_route=\/wp\/v2\/posts\/74914","targetHints":{"allow":["GET"]}}],"collection":[{"href":"https:\/\/www.egemtv.com\/index.php?rest_route=\/wp\/v2\/posts"}],"about":[{"href":"https:\/\/www.egemtv.com\/index.php?rest_route=\/wp\/v2\/types\/post"}],"author":[{"embeddable":true,"href":"https:\/\/www.egemtv.com\/index.php?rest_route=\/wp\/v2\/users\/1"}],"replies":[{"embeddable":true,"href":"https:\/\/www.egemtv.com\/index.php?rest_route=%2Fwp%2Fv2%2Fcomments&post=74914"}],"version-history":[{"count":1,"href":"https:\/\/www.egemtv.com\/index.php?rest_route=\/wp\/v2\/posts\/74914\/revisions"}],"predecessor-version":[{"id":74916,"href":"https:\/\/www.egemtv.com\/index.php?rest_route=\/wp\/v2\/posts\/74914\/revisions\/74916"}],"wp:featuredmedia":[{"embeddable":true,"href":"https:\/\/www.egemtv.com\/index.php?rest_route=\/wp\/v2\/media\/74915"}],"wp:attachment":[{"href":"https:\/\/www.egemtv.com\/index.php?rest_route=%2Fwp%2Fv2%2Fmedia&parent=74914"}],"wp:term":[{"taxonomy":"category","embeddable":true,"href":"https:\/\/www.egemtv.com\/index.php?rest_route=%2Fwp%2Fv2%2Fcategories&post=74914"},{"taxonomy":"post_tag","embeddable":true,"href":"https:\/\/www.egemtv.com\/index.php?rest_route=%2Fwp%2Fv2%2Ftags&post=74914"}],"curies":[{"name":"wp","href":"https:\/\/api.w.org\/{rel}","templated":true}]}}