{"id":74911,"date":"2025-12-18T10:34:46","date_gmt":"2025-12-18T07:34:46","guid":{"rendered":"https:\/\/www.egemtv.com\/?p=74911"},"modified":"2025-12-18T10:34:47","modified_gmt":"2025-12-18T07:34:47","slug":"baskan-tatik-evleri-yanan-aileyi-yalniz-birakmadi","status":"publish","type":"post","link":"https:\/\/www.egemtv.com\/?p=74911","title":{"rendered":"Ba\u015fkan Tat\u0131k evleri yanan aileyi yaln\u0131z b\u0131rakmad\u0131"},"content":{"rendered":"<p>Denizli\u2019nin Tavas il\u00e7esinde elektrik panosu sebebiyle bir evde yang\u0131n \u00e7\u0131kt\u0131. Yang\u0131nda evleri kullan\u0131lamaz hale gelen aileyi Tavas Belediye Ba\u015fkan\u0131 Kadir Tat\u0131k ziyaret etti. Ba\u015fkan Tat\u0131k, ailenin ge\u00e7ici s\u00fcreli\u011fine bar\u0131nmas\u0131n\u0131 sa\u011flamak amac\u0131yla konteyner ev tahsis etti.<\/p>\n<p>Yang\u0131n, Denizli\u2019nin Tavas il\u00e7esi G\u00fczelk\u00f6y Mahallesinde meydana geldi. Edinilen bilgiye g\u00f6re, C\u00fcneyt F\u0131rlay\u0131\u015f\u2019a ait evde elektrik panosundan kaynakl\u0131 yang\u0131n \u00e7\u0131kt\u0131. Evden y\u00fckselen alevleri g\u00f6ren vatanda\u015flar\u0131n ihbar\u0131 \u00fczerine b\u00f6lgeye itfaiye ve jandarma ekipleri sevk edildi. \u0130tfaiye ekiplerini uzun u\u011fra\u015flar\u0131 sonucunda yang\u0131n kontrol alt\u0131na al\u0131nd\u0131. Alevlerin sard\u0131\u011f\u0131 ev kullan\u0131lamaz hale geldi.<\/p>\n<p>Tavas Kaymakam\u0131 \u0130smail Demir ve  Tavas Belediye Ba\u015fkan\u0131 Kadir Tat\u0131k, yang\u0131ndan sonra F\u0131rlay\u0131\u015f ailesini ge\u00e7mi\u015f olsun ziyaretinde bulundu.  Ziyarette Ba\u015fkan Tat\u0131k ailenin ge\u00e7ici bar\u0131nmas\u0131 sa\u011flamak amac\u0131yla konteyner deste\u011fi sa\u011flad\u0131. Ba\u015fkan Tat\u0131k konuyla ilgili yapt\u0131\u011f\u0131 a\u00e7\u0131klamada, &#8220;G\u00fczelk\u00f6y Mahallemizde d\u00fcn ak\u015fam saatlerinde meydana gelen, ilk belirlemelere g\u00f6re elektrik tesisat\u0131ndan kaynaklanan ev yang\u0131n\u0131nda zarar g\u00f6ren vatanda\u015f\u0131m\u0131z C\u00fcneyt F\u0131rlay\u0131\u015f\u2019\u0131 ziyaret ettik. Herhangi bir can kayb\u0131 ve yaralanman\u0131n ya\u015fanmam\u0131\u015f olmas\u0131 en b\u00fcy\u00fck tesellimizdir. Yang\u0131ndan etkilenen ve evi kullan\u0131lamaz hale gelen vatanda\u015f\u0131m\u0131z\u0131n temel ihtiya\u00e7lar\u0131n\u0131n kar\u015f\u0131lanmas\u0131na y\u00f6nelik gerekli aksiyonlar al\u0131nm\u0131\u015f olup, Tavas Belediyemiz taraf\u0131ndan ge\u00e7ici bar\u0131nma ihtiyac\u0131n\u0131n kar\u015f\u0131lanmas\u0131 amac\u0131yla konteyner deste\u011fi sa\u011flanacakt\u0131r. Vatanda\u015f\u0131m\u0131z C\u00fcneyt F\u0131rlay\u0131\u015f\u2019a ge\u00e7mi\u015f olsun dileklerimizi iletiyor, her zaman yan\u0131nda oldu\u011fumuzu bir kez daha ifade ediyoruz&#8221; \u015feklinde konu\u015ftu.<br \/><\/p>\n","protected":false},"excerpt":{"rendered":"<p>Denizli\u2019nin Tavas il\u00e7esinde elektrik panosu sebebiyle bir evde yang\u0131n \u00e7\u0131kt\u0131. Yang\u0131nda evleri kullan\u0131lamaz hale gelen aileyi Tavas Belediye Ba\u015fkan\u0131 Kadir Tat\u0131k ziyaret etti. Ba\u015fkan Tat\u0131k, ailenin ge\u00e7ici s\u00fcreli\u011fine bar\u0131nmas\u0131n\u0131 sa\u011flamak amac\u0131yla konteyner ev tahsis etti. Yang\u0131n, Denizli\u2019nin Tavas il\u00e7esi G\u00fczelk\u00f6y Mahallesinde meydana geldi. Edinilen bilgiye g\u00f6re, C\u00fcneyt F\u0131rlay\u0131\u015f\u2019a ait evde elektrik panosundan kaynakl\u0131 yang\u0131n \u00e7\u0131kt\u0131&#8230;.<\/p>\n","protected":false},"author":1,"featured_media":74912,"comment_status":"open","ping_status":"open","sticky":false,"template":"","format":"standard","meta":{"_crdt_document":"","footnotes":""},"categories":[5],"tags":[],"class_list":["post-74911","post","type-post","status-publish","format-standard","has-post-thumbnail","hentry","category-asayis"],"_links":{"self":[{"href":"https:\/\/www.egemtv.com\/index.php?rest_route=\/wp\/v2\/posts\/74911","targetHints":{"allow":["GET"]}}],"collection":[{"href":"https:\/\/www.egemtv.com\/index.php?rest_route=\/wp\/v2\/posts"}],"about":[{"href":"https:\/\/www.egemtv.com\/index.php?rest_route=\/wp\/v2\/types\/post"}],"author":[{"embeddable":true,"href":"https:\/\/www.egemtv.com\/index.php?rest_route=\/wp\/v2\/users\/1"}],"replies":[{"embeddable":true,"href":"https:\/\/www.egemtv.com\/index.php?rest_route=%2Fwp%2Fv2%2Fcomments&post=74911"}],"version-history":[{"count":1,"href":"https:\/\/www.egemtv.com\/index.php?rest_route=\/wp\/v2\/posts\/74911\/revisions"}],"predecessor-version":[{"id":74913,"href":"https:\/\/www.egemtv.com\/index.php?rest_route=\/wp\/v2\/posts\/74911\/revisions\/74913"}],"wp:featuredmedia":[{"embeddable":true,"href":"https:\/\/www.egemtv.com\/index.php?rest_route=\/wp\/v2\/media\/74912"}],"wp:attachment":[{"href":"https:\/\/www.egemtv.com\/index.php?rest_route=%2Fwp%2Fv2%2Fmedia&parent=74911"}],"wp:term":[{"taxonomy":"category","embeddable":true,"href":"https:\/\/www.egemtv.com\/index.php?rest_route=%2Fwp%2Fv2%2Fcategories&post=74911"},{"taxonomy":"post_tag","embeddable":true,"href":"https:\/\/www.egemtv.com\/index.php?rest_route=%2Fwp%2Fv2%2Ftags&post=74911"}],"curies":[{"name":"wp","href":"https:\/\/api.w.org\/{rel}","templated":true}]}}