{"id":74905,"date":"2025-12-18T10:15:53","date_gmt":"2025-12-18T07:15:53","guid":{"rendered":"https:\/\/www.egemtv.com\/?p=74905"},"modified":"2025-12-18T10:15:53","modified_gmt":"2025-12-18T07:15:53","slug":"kalp-kriziyle-asiyi-esitlemek-kamu-sagligina-zarar-verir","status":"publish","type":"post","link":"https:\/\/www.egemtv.com\/?p=74905","title":{"rendered":"Kalp kriziyle a\u015f\u0131y\u0131 e\u015fitlemek kamu sa\u011fl\u0131\u011f\u0131na zarar verir"},"content":{"rendered":"<p>A\u015f\u0131lar\u0131n kalp krizlerini art\u0131rd\u0131\u011f\u0131 ve mRNA a\u015f\u0131lar\u0131yla kalp krizi aras\u0131nda bir ba\u011f kurulmas\u0131n\u0131n bilimsel olarak yanl\u0131\u015f oldu\u011funu belirtildi.<\/p>\n<p>Prof. Dr. Faz\u0131l Necdet Ard\u0131\u00e7, kamuoyunda s\u0131kl\u0131kla g\u00fcndem olan &#8220;A\u015f\u0131lar kalp krizlerini art\u0131r\u0131yor&#8221; iddialar\u0131na bilimsel verilerle yan\u0131t verdi. Ard\u0131\u00e7, kaleme al\u0131nan bir yaz\u0131da &#8220;a\u015f\u0131lar&#8221; ifadesinin genel kullan\u0131lmas\u0131yla t\u00fcm a\u015f\u0131lar\u0131n zan alt\u0131nda b\u0131rak\u0131ld\u0131\u011f\u0131n\u0131, bunun da toplumda giderek artan a\u015f\u0131 kar\u015f\u0131tl\u0131\u011f\u0131n\u0131 besleyebilece\u011fini ifade etti.<\/p>\n<p>Prof. Dr. Ard\u0131\u00e7, a\u00e7\u0131klamas\u0131nda \u00f6ncelikle zorunlu a\u015f\u0131lama programlar\u0131n\u0131n bug\u00fcne kadar milyarlarca insan\u0131n hayat\u0131n\u0131 kurtard\u0131\u011f\u0131n\u0131 hat\u0131rlatarak, ara\u015ft\u0131rmalar\u0131n esas olarak Covid-19 s\u00fcrecinde kullan\u0131lan mRNA a\u015f\u0131lar\u0131 \u00fczerinden y\u00fcr\u00fct\u00fclmesi gerekti\u011fini belirtti. Ard\u0131\u00e7, kalp kas\u0131 iltihab\u0131 olarak bilinen miyokardit ile damar t\u0131kanmas\u0131na ba\u011fl\u0131 geli\u015fen kalp krizinin (miyokard infarkt\u00fcs\u00fc) tamamen farkl\u0131 hastal\u0131klar oldu\u011funun alt\u0131n\u0131 \u00e7izdi. Grip, so\u011fuk alg\u0131nl\u0131\u011f\u0131, Covid-19 gibi pek \u00e7ok viral enfeksiyonun miyokardite yol a\u00e7abildi\u011fini belirten Ard\u0131\u00e7, bu durumun halk aras\u0131nda s\u0131kl\u0131kla kalp kriziyle kar\u0131\u015ft\u0131r\u0131ld\u0131\u011f\u0131n\u0131 s\u00f6yledi.<\/p>\n<p>&#8220;A\u015f\u0131ya ba\u011fl\u0131 miyokardit nadir ve \u00e7o\u011fu hafif seyirli&#8221;<br \/>\n<br \/>mRNA Covid a\u015f\u0131lar\u0131yla ili\u015fkili miyokardit vakalar\u0131n\u0131n bildirildi\u011fini kabul eden Ard\u0131\u00e7, bu durumun a\u011f\u0131rl\u0131kl\u0131 olarak gen\u00e7 erkeklerde g\u00f6r\u00fcld\u00fc\u011f\u00fcn\u00fc ve genellikle hafif seyretti\u011fini vurgulad\u0131. A\u015f\u0131 sonras\u0131 milyon ki\u015fi ba\u015f\u0131na g\u00f6r\u00fclen miyokardit riskinin olduk\u00e7a d\u00fc\u015f\u00fck oldu\u011funu belirten Ard\u0131\u00e7, buna kar\u015f\u0131l\u0131k a\u015f\u0131s\u0131z ge\u00e7irilen Covid enfeksiyonunun miyokardit riskini katbekat art\u0131rd\u0131\u011f\u0131n\u0131 ifade etti.<\/p>\n<p>D\u00fcnyada kalp hastal\u0131klar\u0131n\u0131n uzun y\u0131llard\u0131r art\u0131\u015f g\u00f6sterdi\u011fini s\u00f6yleyen Ard\u0131\u00e7, bu art\u0131\u015f\u0131n Covid a\u015f\u0131lar\u0131yla ili\u015fkilendirilemeyece\u011fini belirtti. Ya\u015flanan n\u00fcfus, metabolik hastal\u0131klar, \u00e7evresel ve mesleki fakt\u00f6rlerin kalp hastal\u0131klar\u0131ndaki art\u0131\u015f\u0131n temel nedenleri oldu\u011funu kaydetti. Pandemi s\u00fcrecine de de\u011finen Prof. Dr. Ard\u0131\u00e7, d\u00fcnyada 705 milyon Covid vakas\u0131n\u0131n g\u00f6r\u00fcld\u00fc\u011f\u00fcn\u00fc ve resmi kay\u0131tlara g\u00f6re 7 milyon ki\u015finin hayat\u0131n\u0131 kaybetti\u011fini hat\u0131rlatt\u0131. Bug\u00fcne kadar uygulanan yakla\u015f\u0131k 13 milyar doz a\u015f\u0131 sayesinde, yaln\u0131zca 2021 y\u0131l\u0131nda 14 milyon insan\u0131n hayat\u0131n\u0131n kurtar\u0131ld\u0131\u011f\u0131n\u0131 g\u00f6steren bilimsel modellemelere dikkat \u00e7ekti. Pandeminin erken d\u00f6neminde \u00e7ok say\u0131da meslekta\u015flar\u0131n\u0131 kaybettiklerini hat\u0131rlatan Ard\u0131\u00e7, &#8220;Elbette herkes kalp sa\u011fl\u0131\u011f\u0131 i\u00e7in d\u00fczenli kontrollerini yapt\u0131rmal\u0131d\u0131r. Ancak kalp krizi ile a\u015f\u0131y\u0131 e\u015fitleyen, korkuya neden olan s\u00f6ylemler t\u0131bbi olarak yanl\u0131\u015f oldu\u011fu gibi kamu sa\u011fl\u0131\u011f\u0131 a\u00e7\u0131s\u0131ndan da ciddi riskler bar\u0131nd\u0131rmaktad\u0131r&#8221; ifadelerini kulland\u0131.<\/p>\n<p>Prof. Dr. Faz\u0131l Necdet Ard\u0131\u00e7, bilimsel veriler \u0131\u015f\u0131\u011f\u0131nda a\u015f\u0131lar\u0131n de\u011fil, Covid enfeksiyonunun kalp sa\u011fl\u0131\u011f\u0131 a\u00e7\u0131s\u0131ndan as\u0131l tehdit olmaya devam etti\u011fini vurgulayarak, toplumun do\u011fru ve g\u00fcvenilir bilgiye dayal\u0131 hareket etmesinin hayati \u00f6nem ta\u015f\u0131d\u0131\u011f\u0131n\u0131 belirtti.<br \/><\/p>\n","protected":false},"excerpt":{"rendered":"<p>A\u015f\u0131lar\u0131n kalp krizlerini art\u0131rd\u0131\u011f\u0131 ve mRNA a\u015f\u0131lar\u0131yla kalp krizi aras\u0131nda bir ba\u011f kurulmas\u0131n\u0131n bilimsel olarak yanl\u0131\u015f oldu\u011funu belirtildi. Prof. Dr. Faz\u0131l Necdet Ard\u0131\u00e7, kamuoyunda s\u0131kl\u0131kla g\u00fcndem olan &#8220;A\u015f\u0131lar kalp krizlerini art\u0131r\u0131yor&#8221; iddialar\u0131na bilimsel verilerle yan\u0131t verdi. Ard\u0131\u00e7, kaleme al\u0131nan bir yaz\u0131da &#8220;a\u015f\u0131lar&#8221; ifadesinin genel kullan\u0131lmas\u0131yla t\u00fcm a\u015f\u0131lar\u0131n zan alt\u0131nda b\u0131rak\u0131ld\u0131\u011f\u0131n\u0131, bunun da toplumda giderek artan&#8230;<\/p>\n","protected":false},"author":1,"featured_media":74906,"comment_status":"open","ping_status":"open","sticky":false,"template":"","format":"standard","meta":{"_crdt_document":"","footnotes":""},"categories":[2],"tags":[],"class_list":["post-74905","post","type-post","status-publish","format-standard","has-post-thumbnail","hentry","category-saglik"],"_links":{"self":[{"href":"https:\/\/www.egemtv.com\/index.php?rest_route=\/wp\/v2\/posts\/74905","targetHints":{"allow":["GET"]}}],"collection":[{"href":"https:\/\/www.egemtv.com\/index.php?rest_route=\/wp\/v2\/posts"}],"about":[{"href":"https:\/\/www.egemtv.com\/index.php?rest_route=\/wp\/v2\/types\/post"}],"author":[{"embeddable":true,"href":"https:\/\/www.egemtv.com\/index.php?rest_route=\/wp\/v2\/users\/1"}],"replies":[{"embeddable":true,"href":"https:\/\/www.egemtv.com\/index.php?rest_route=%2Fwp%2Fv2%2Fcomments&post=74905"}],"version-history":[{"count":1,"href":"https:\/\/www.egemtv.com\/index.php?rest_route=\/wp\/v2\/posts\/74905\/revisions"}],"predecessor-version":[{"id":74907,"href":"https:\/\/www.egemtv.com\/index.php?rest_route=\/wp\/v2\/posts\/74905\/revisions\/74907"}],"wp:featuredmedia":[{"embeddable":true,"href":"https:\/\/www.egemtv.com\/index.php?rest_route=\/wp\/v2\/media\/74906"}],"wp:attachment":[{"href":"https:\/\/www.egemtv.com\/index.php?rest_route=%2Fwp%2Fv2%2Fmedia&parent=74905"}],"wp:term":[{"taxonomy":"category","embeddable":true,"href":"https:\/\/www.egemtv.com\/index.php?rest_route=%2Fwp%2Fv2%2Fcategories&post=74905"},{"taxonomy":"post_tag","embeddable":true,"href":"https:\/\/www.egemtv.com\/index.php?rest_route=%2Fwp%2Fv2%2Ftags&post=74905"}],"curies":[{"name":"wp","href":"https:\/\/api.w.org\/{rel}","templated":true}]}}