{"id":74902,"date":"2025-12-18T10:15:52","date_gmt":"2025-12-18T07:15:52","guid":{"rendered":"https:\/\/www.egemtv.com\/?p=74902"},"modified":"2025-12-18T10:15:53","modified_gmt":"2025-12-18T07:15:53","slug":"baskan-gencay-pazaryerleri-surecine-iliskin-aciklamalarda-bulundu","status":"publish","type":"post","link":"https:\/\/www.egemtv.com\/?p=74902","title":{"rendered":"Ba\u015fkan Gen\u00e7ay, pazaryerleri s\u00fcrecine ili\u015fkin a\u00e7\u0131klamalarda bulundu"},"content":{"rendered":"<p>Didim Belediye Ba\u015fkan\u0131 Hatice Gen\u00e7ay, pazar esnaflar\u0131n\u0131 ilgilendiren, pazaryerleri hakk\u0131nda y\u00fcr\u00fct\u00fclen s\u00fcre\u00e7 hakk\u0131nda bas\u0131n toplant\u0131s\u0131 ger\u00e7ekle\u015ftirdi.<\/p>\n<p>Didim Belediye Ba\u015fkan\u0131 Hatice Gen\u00e7ay, Didim Esnaf ve Sanatkarlar Odas\u0131 Ba\u015fkan\u0131 \u015eerif Erul\u2019un kat\u0131l\u0131m\u0131 ile Didim Belediyesi Meclis Toplant\u0131 Salonunda bas\u0131n toplant\u0131s\u0131 ger\u00e7ekle\u015ftirdi. Bas\u0131n mensuplar\u0131n\u0131n yo\u011fun kat\u0131l\u0131m sa\u011flad\u0131\u011f\u0131 toplant\u0131da Didim Belediyesi Ba\u015fkan\u0131 Hatice Gen\u00e7ay, s\u00fcre\u00e7 hakk\u0131nda a\u00e7\u0131klamalarda bulundu.<\/p>\n<p>Ba\u015fkan Hatice Gen\u00e7ay yapt\u0131\u011f\u0131 a\u00e7\u0131klamada, &#8220;Pazar yerleriyle ilgili y\u00fcr\u00fctt\u00fc\u011f\u00fcm\u00fcz s\u00fcre\u00e7ler hakk\u0131nda, kamuoyunda yap\u0131lan baz\u0131 a\u00e7\u0131klamalar \u00fczerine bas\u0131n\u0131m\u0131z\u0131, halk\u0131m\u0131z\u0131 ve esnaf\u0131m\u0131z\u0131 do\u011fru bilgilendirme ihtiyac\u0131 duyduk. \u00d6ncelikle \u015funu net olarak ifade etmek isterim: Belediyemiz ve \u015fahs\u0131m taraf\u0131ndan bu konuyla ilgili yap\u0131lm\u0131\u015f herhangi bir g\u00f6r\u00fc\u015fme bulunmamaktad\u0131r. Y\u00fcr\u00fctt\u00fc\u011f\u00fcm\u00fcz s\u00fcre\u00e7ler hakk\u0131nda da herhangi bir de\u011fi\u015fiklik yoktur. Burada yapt\u0131\u011f\u0131m\u0131z t\u00fcm a\u00e7\u0131klamalar Didim\u2019deki t\u00fcm pazar yerleri i\u00e7in ge\u00e7erlidir. Didim\u2019de pazar yerlerine ili\u015fkin t\u00fcm de\u011ferlendirmeler, mevzuata uygun \u015fekilde ve fiilen \u00e7al\u0131\u015fma esas\u0131na dayal\u0131 olarak yap\u0131lmaktad\u0131r. Belediyemizden pazar yeri tahsisi alan bir ki\u015fi, kendisine tahsis edilen bu alan\u0131 ba\u015fkas\u0131na kiralayamaz, devredemez. Bu konu a\u00e7\u0131k ve nettir. Bu kapsamda, y\u0131llar \u00f6nce tahsis edilmi\u015f ancak fiilen kullan\u0131lmayan veya devredilmi\u015f durumda olan tezg\u00e2hlar\u0131n tespiti i\u00e7in \u00e7al\u0131\u015fmalar\u0131m\u0131z\u0131 s\u00fcrd\u00fcr\u00fcyoruz&#8221; dedi.<\/p>\n<p>Ba\u015fkan Hatice Gen\u00e7ay &#8220;Pazar yerleriyle ilgili her t\u00fcrl\u00fc i\u015flem ve ba\u015fvuru yaln\u0131zca belediyemize yap\u0131l\u0131r, ba\u015fka bir ba\u015fvuru noktas\u0131 bulunmamaktad\u0131r. Biz bu konuda \u00f6zellikle hassas\u0131z. \u00c7\u00fcnk\u00fc \u00fcreticimizin eme\u011finin arac\u0131ya tak\u0131lmadan do\u011frudan pazarda halk\u0131m\u0131zla bulu\u015fmas\u0131n\u0131 istiyoruz. Bug\u00fcn hepimiz ekonomik olarak zor bir d\u00f6nemden ge\u00e7iyoruz. Araya giren her ek y\u00fck hem \u00fcreticimizi hem esnaf\u0131m\u0131z\u0131 zorluyor, bu da do\u011frudan tezg\u00e2h fiyatlar\u0131na yans\u0131yor ve halk\u0131m\u0131z\u0131 etkiliyor. Bu s\u00fcre\u00e7te Didim esnaf\u0131n\u0131n talepleri ve sorunlar\u0131yla Didim Esnaf ve Sanatkarlar Odas\u0131 yak\u0131ndan ilgilenmektedir&#8221; dedi.<\/p>\n<p>&#8220;Kamu kaynaklar\u0131n\u0131n ki\u015fisel kazanca d\u00f6n\u00fc\u015ft\u00fcr\u00fclmesine izin vermeyece\u011fiz&#8221;<br \/>\n<br \/>Ba\u015fkan Hatice Gen\u00e7ay &#8220;Oda Ba\u015fkan\u0131m\u0131z \u015eerif Erul, esnaf\u0131m\u0131zdan gelen talepleri bizlere d\u00fczenli ve eksiksiz \u015fekilde iletmektedir. Biz de belediye olarak, mevzuat \u00e7er\u00e7evesinde esnaf\u0131m\u0131z\u0131n her zaman yan\u0131nda oluyoruz. \u015eunun da bilinmesini isterim; Didim esnaf\u0131n\u0131n temsil yeri Didim Esnaf ve Sanatkarlar Odas\u0131d\u0131r. Ba\u015fka il veya il\u00e7elerdeki odalar\u0131n bu s\u00fcrece m\u00fcdahil olmas\u0131 gibi bir durum olamaz. Halk\u0131m\u0131za ait kamu kaynaklar\u0131n\u0131n ki\u015fisel kazan\u00e7 kap\u0131s\u0131na d\u00f6n\u00fc\u015ft\u00fcr\u00fclmesine bug\u00fcne kadar izin vermedik, bundan sonra da vermeyece\u011fiz. Bu anlay\u0131\u015fla \u00e7al\u0131\u015fmaya devam edece\u011fiz. Te\u015fekk\u00fcr ederim&#8221; dedi.<\/p>\n<p>Toplant\u0131da a\u00e7\u0131klama yapan Didim Esnaf ve Sanatkarlar Odas\u0131 Ba\u015fkan\u0131 \u015eerif Erul, &#8220;Pazarc\u0131larla \u00f6n g\u00f6r\u00fc\u015fmelerimiz s\u00fcr\u00fcyor. Belediye Ba\u015fkan\u0131m\u0131z Hatice Gen\u00e7ay\u2019dan \u00f6nce herhangi bir a\u00e7\u0131klama yapmak istemedik. Toplant\u0131dan sonra gerekli a\u00e7\u0131klamalar\u0131 yapaca\u011f\u0131z. Sa\u011f olsun Hatice Ba\u015fkan\u0131m\u0131zda her zaman pazar esnaf\u0131m\u0131z\u0131n yan\u0131nda oldu. G\u00f6r\u00fc\u015fmelerimizi s\u00fcrd\u00fcr\u00fcyoruz&#8221; dedi.<\/p>\n<p>Ba\u015fkan Hatice Gen\u00e7ay, a\u00e7\u0131klamalar\u0131n ard\u0131ndan bas\u0131n mensuplar\u0131n\u0131n sorular\u0131n\u0131 yan\u0131tlad\u0131.<br \/><\/p>\n","protected":false},"excerpt":{"rendered":"<p>Didim Belediye Ba\u015fkan\u0131 Hatice Gen\u00e7ay, pazar esnaflar\u0131n\u0131 ilgilendiren, pazaryerleri hakk\u0131nda y\u00fcr\u00fct\u00fclen s\u00fcre\u00e7 hakk\u0131nda bas\u0131n toplant\u0131s\u0131 ger\u00e7ekle\u015ftirdi. Didim Belediye Ba\u015fkan\u0131 Hatice Gen\u00e7ay, Didim Esnaf ve Sanatkarlar Odas\u0131 Ba\u015fkan\u0131 \u015eerif Erul\u2019un kat\u0131l\u0131m\u0131 ile Didim Belediyesi Meclis Toplant\u0131 Salonunda bas\u0131n toplant\u0131s\u0131 ger\u00e7ekle\u015ftirdi. Bas\u0131n mensuplar\u0131n\u0131n yo\u011fun kat\u0131l\u0131m sa\u011flad\u0131\u011f\u0131 toplant\u0131da Didim Belediyesi Ba\u015fkan\u0131 Hatice Gen\u00e7ay, s\u00fcre\u00e7 hakk\u0131nda a\u00e7\u0131klamalarda bulundu. Ba\u015fkan&#8230;<\/p>\n","protected":false},"author":1,"featured_media":74903,"comment_status":"open","ping_status":"open","sticky":false,"template":"","format":"standard","meta":{"_crdt_document":"","footnotes":""},"categories":[1],"tags":[],"class_list":["post-74902","post","type-post","status-publish","format-standard","has-post-thumbnail","hentry","category-guncel"],"_links":{"self":[{"href":"https:\/\/www.egemtv.com\/index.php?rest_route=\/wp\/v2\/posts\/74902","targetHints":{"allow":["GET"]}}],"collection":[{"href":"https:\/\/www.egemtv.com\/index.php?rest_route=\/wp\/v2\/posts"}],"about":[{"href":"https:\/\/www.egemtv.com\/index.php?rest_route=\/wp\/v2\/types\/post"}],"author":[{"embeddable":true,"href":"https:\/\/www.egemtv.com\/index.php?rest_route=\/wp\/v2\/users\/1"}],"replies":[{"embeddable":true,"href":"https:\/\/www.egemtv.com\/index.php?rest_route=%2Fwp%2Fv2%2Fcomments&post=74902"}],"version-history":[{"count":1,"href":"https:\/\/www.egemtv.com\/index.php?rest_route=\/wp\/v2\/posts\/74902\/revisions"}],"predecessor-version":[{"id":74904,"href":"https:\/\/www.egemtv.com\/index.php?rest_route=\/wp\/v2\/posts\/74902\/revisions\/74904"}],"wp:featuredmedia":[{"embeddable":true,"href":"https:\/\/www.egemtv.com\/index.php?rest_route=\/wp\/v2\/media\/74903"}],"wp:attachment":[{"href":"https:\/\/www.egemtv.com\/index.php?rest_route=%2Fwp%2Fv2%2Fmedia&parent=74902"}],"wp:term":[{"taxonomy":"category","embeddable":true,"href":"https:\/\/www.egemtv.com\/index.php?rest_route=%2Fwp%2Fv2%2Fcategories&post=74902"},{"taxonomy":"post_tag","embeddable":true,"href":"https:\/\/www.egemtv.com\/index.php?rest_route=%2Fwp%2Fv2%2Ftags&post=74902"}],"curies":[{"name":"wp","href":"https:\/\/api.w.org\/{rel}","templated":true}]}}