{"id":74899,"date":"2025-12-18T09:56:00","date_gmt":"2025-12-18T06:56:00","guid":{"rendered":"https:\/\/www.egemtv.com\/?p=74899"},"modified":"2025-12-18T09:56:01","modified_gmt":"2025-12-18T06:56:01","slug":"afaddan-kurum-personeline-afet-farkindalik-egitimi-ve-tahliye-tatbikati","status":"publish","type":"post","link":"https:\/\/www.egemtv.com\/?p=74899","title":{"rendered":"AFAD\u2019dan kurum personeline afet fark\u0131ndal\u0131k e\u011fitimi ve tahliye tatbikat\u0131"},"content":{"rendered":"<p>AFAD Ayd\u0131n \u0130l M\u00fcd\u00fcrl\u00fc\u011f\u00fc taraf\u0131ndan, afetlere haz\u0131rl\u0131k ve fark\u0131ndal\u0131\u011f\u0131n art\u0131r\u0131lmas\u0131 amac\u0131yla Ayd\u0131n Yat\u0131r\u0131m \u0130zleme ve Koordinasyon Ba\u015fkanl\u0131\u011f\u0131 (Y\u0130KOB), Efeler Kaymakaml\u0131\u011f\u0131, \u0130l G\u00f6\u00e7 \u0130daresi ve \u0130l\u00e7e Milli E\u011fitim M\u00fcd\u00fcrl\u00fc\u011f\u00fc personeline y\u00f6nelik afet fark\u0131ndal\u0131k e\u011fitimi verildi. E\u011fitim program\u0131 kapsam\u0131nda tahliye tatbikat\u0131 da ger\u00e7ekle\u015ftirildi.<\/p>\n<p>D\u00fczenlenen e\u011fitimde, afet \u00f6ncesi al\u0131nmas\u0131 gereken tedbirler, afet an\u0131nda do\u011fru davran\u0131\u015f \u015fekilleri ve afet sonras\u0131 s\u00fcre\u00e7lerde yap\u0131lmas\u0131 gerekenler hakk\u0131nda kat\u0131l\u0131mc\u0131lara kapsaml\u0131 bilgiler aktar\u0131ld\u0131. Teorik e\u011fitimin ard\u0131ndan ger\u00e7ekle\u015ftirilen tahliye tatbikat\u0131nda ise bir afet durumunda personelin g\u00fcvenli ve h\u0131zl\u0131 \u015fekilde binay\u0131 terk etmesine y\u00f6nelik uygulamalar yap\u0131ld\u0131. AFAD yetkilileri, afetlere kar\u015f\u0131 haz\u0131rl\u0131kl\u0131 olman\u0131n \u00f6nemine dikkat \u00e7ekerek, kurum personelinin bilin\u00e7lendirilmesiyle can ve mal kay\u0131plar\u0131n\u0131n en aza indirilebilece\u011fini vurgulad\u0131. Kurumlar aras\u0131 koordinasyonun da \u00f6n planda tutuldu\u011fu \u00e7al\u0131\u015fmada, afet y\u00f6netiminde i\u015f birli\u011finin hayati rol oynad\u0131\u011f\u0131 ifade edildi.<\/p>\n<p>E\u011fitim ve tatbikat\u0131n, afet bilincinin art\u0131r\u0131lmas\u0131na katk\u0131 sa\u011flamas\u0131 ve benzer \u00e7al\u0131\u015fmalar\u0131n ilerleyen s\u00fcre\u00e7te de s\u00fcrd\u00fcr\u00fclece\u011fi belirtildi.<br \/><\/p>\n","protected":false},"excerpt":{"rendered":"<p>AFAD Ayd\u0131n \u0130l M\u00fcd\u00fcrl\u00fc\u011f\u00fc taraf\u0131ndan, afetlere haz\u0131rl\u0131k ve fark\u0131ndal\u0131\u011f\u0131n art\u0131r\u0131lmas\u0131 amac\u0131yla Ayd\u0131n Yat\u0131r\u0131m \u0130zleme ve Koordinasyon Ba\u015fkanl\u0131\u011f\u0131 (Y\u0130KOB), Efeler Kaymakaml\u0131\u011f\u0131, \u0130l G\u00f6\u00e7 \u0130daresi ve \u0130l\u00e7e Milli E\u011fitim M\u00fcd\u00fcrl\u00fc\u011f\u00fc personeline y\u00f6nelik afet fark\u0131ndal\u0131k e\u011fitimi verildi. E\u011fitim program\u0131 kapsam\u0131nda tahliye tatbikat\u0131 da ger\u00e7ekle\u015ftirildi. D\u00fczenlenen e\u011fitimde, afet \u00f6ncesi al\u0131nmas\u0131 gereken tedbirler, afet an\u0131nda do\u011fru davran\u0131\u015f \u015fekilleri ve afet&#8230;<\/p>\n","protected":false},"author":1,"featured_media":74900,"comment_status":"open","ping_status":"open","sticky":false,"template":"","format":"standard","meta":{"_crdt_document":"","footnotes":""},"categories":[1],"tags":[],"class_list":["post-74899","post","type-post","status-publish","format-standard","has-post-thumbnail","hentry","category-guncel"],"_links":{"self":[{"href":"https:\/\/www.egemtv.com\/index.php?rest_route=\/wp\/v2\/posts\/74899","targetHints":{"allow":["GET"]}}],"collection":[{"href":"https:\/\/www.egemtv.com\/index.php?rest_route=\/wp\/v2\/posts"}],"about":[{"href":"https:\/\/www.egemtv.com\/index.php?rest_route=\/wp\/v2\/types\/post"}],"author":[{"embeddable":true,"href":"https:\/\/www.egemtv.com\/index.php?rest_route=\/wp\/v2\/users\/1"}],"replies":[{"embeddable":true,"href":"https:\/\/www.egemtv.com\/index.php?rest_route=%2Fwp%2Fv2%2Fcomments&post=74899"}],"version-history":[{"count":1,"href":"https:\/\/www.egemtv.com\/index.php?rest_route=\/wp\/v2\/posts\/74899\/revisions"}],"predecessor-version":[{"id":74901,"href":"https:\/\/www.egemtv.com\/index.php?rest_route=\/wp\/v2\/posts\/74899\/revisions\/74901"}],"wp:featuredmedia":[{"embeddable":true,"href":"https:\/\/www.egemtv.com\/index.php?rest_route=\/wp\/v2\/media\/74900"}],"wp:attachment":[{"href":"https:\/\/www.egemtv.com\/index.php?rest_route=%2Fwp%2Fv2%2Fmedia&parent=74899"}],"wp:term":[{"taxonomy":"category","embeddable":true,"href":"https:\/\/www.egemtv.com\/index.php?rest_route=%2Fwp%2Fv2%2Fcategories&post=74899"},{"taxonomy":"post_tag","embeddable":true,"href":"https:\/\/www.egemtv.com\/index.php?rest_route=%2Fwp%2Fv2%2Ftags&post=74899"}],"curies":[{"name":"wp","href":"https:\/\/api.w.org\/{rel}","templated":true}]}}