{"id":74893,"date":"2025-12-18T09:55:57","date_gmt":"2025-12-18T06:55:57","guid":{"rendered":"https:\/\/www.egemtv.com\/?p=74893"},"modified":"2025-12-18T09:55:58","modified_gmt":"2025-12-18T06:55:58","slug":"turkiye-japonya-is-birligiyle-afetlere-karsi-ortak-tecrube-paylasimi","status":"publish","type":"post","link":"https:\/\/www.egemtv.com\/?p=74893","title":{"rendered":"T\u00fcrkiye-Japonya i\u015f birli\u011fiyle afetlere kar\u015f\u0131 ortak tecr\u00fcbe payla\u015f\u0131m\u0131"},"content":{"rendered":"<p>Japonya\u2019da d\u00fczenlenen uluslararas\u0131 deprem haz\u0131rl\u0131\u011f\u0131 projesine dahil olan Denizli heyeti, T\u00fcrkiye\u2013Japonya i\u015f birli\u011finde afetlere kar\u015f\u0131 ortak tecr\u00fcbe payla\u015f\u0131m\u0131 yapt\u0131.<\/p>\n<p>Denizli Valili\u011fi Avrupa Birli\u011fi ve D\u0131\u015f \u0130li\u015fkiler B\u00fcrosu taraf\u0131ndan haz\u0131rlanan ve Asya Verimlilik Te\u015fkilat\u0131 (APO) program\u0131 kapsam\u0131nda kabul edilen &#8220;Stead Against the Quake: Earthquake Preparedness and Prevention&#8221; adl\u0131 proje \u00e7er\u00e7evesinde, 28 Kas\u0131m \u2013 7 Aral\u0131k 2025 tarihleri aras\u0131nda Japonya\u2019da teknik bir saha ziyareti ger\u00e7ekle\u015ftirildi.<\/p>\n<p>Proje kapsam\u0131nda Japonya\u2019n\u0131n deprem haz\u0131rl\u0131\u011f\u0131, risk azaltma ve afet y\u00f6netimi uygulamalar\u0131 yerinde g\u00f6zlem ve teknik incelemelerle ele al\u0131nd\u0131. Bu uygulamalar, T\u00fcrkiye\u2019de y\u00fcr\u00fct\u00fclen afet risklerini azaltmaya y\u00f6nelik \u00e7al\u0131\u015fmalara \u00f6rnek te\u015fkil etti.<\/p>\n<p>Saha ziyaretin Denizli Vali Yard\u0131mc\u0131s\u0131 Nurettin Ate\u015f ile Denizli Valili\u011fi AB ve D\u0131\u015f \u0130li\u015fkiler B\u00fcrosu\u2019ndan \u0130l Proje Koordinat\u00f6r\u00fc Y\u00fcksek M\u00fchendisi Redife Asl\u0131han U\u00e7ar kat\u0131ld\u0131. Program s\u00fcresince teorik e\u011fitimlerin yan\u0131 s\u0131ra teknik merkezlerde incelemeler ger\u00e7ekle\u015ftirildi.<\/p>\n<p>\u0130n\u015faat M\u00fchendisli\u011fi B\u00f6l\u00fcm\u00fc \u00d6\u011fretim \u00dcyesi Prof. Dr. \u015eevket Murat \u015eenel de saha \u00e7al\u0131\u015fmalar\u0131na kat\u0131larak akademik de\u011ferlendirmelerde bulundu. Program kapsam\u0131nda ayr\u0131ca T\u00fcrkiye Cumhuriyeti Tokyo B\u00fcy\u00fckel\u00e7ili\u011fi ziyaret edilerek, T\u00fcrkiye\u2013Japonya aras\u0131nda afet y\u00f6netimi alan\u0131ndaki i\u015f birli\u011fi imk\u00e2nlar\u0131 ele al\u0131nd\u0131.<\/p>\n<p>Proje, afetlere kar\u015f\u0131 dayan\u0131kl\u0131 toplumlar\u0131n olu\u015fturulmas\u0131 hedefi do\u011frultusunda uluslararas\u0131 bilgi ve tecr\u00fcbe payla\u015f\u0131m\u0131n\u0131n \u00f6nemini bir kez daha ortaya koydu.<br \/><\/p>\n","protected":false},"excerpt":{"rendered":"<p>Japonya\u2019da d\u00fczenlenen uluslararas\u0131 deprem haz\u0131rl\u0131\u011f\u0131 projesine dahil olan Denizli heyeti, T\u00fcrkiye\u2013Japonya i\u015f birli\u011finde afetlere kar\u015f\u0131 ortak tecr\u00fcbe payla\u015f\u0131m\u0131 yapt\u0131. Denizli Valili\u011fi Avrupa Birli\u011fi ve D\u0131\u015f \u0130li\u015fkiler B\u00fcrosu taraf\u0131ndan haz\u0131rlanan ve Asya Verimlilik Te\u015fkilat\u0131 (APO) program\u0131 kapsam\u0131nda kabul edilen &#8220;Stead Against the Quake: Earthquake Preparedness and Prevention&#8221; adl\u0131 proje \u00e7er\u00e7evesinde, 28 Kas\u0131m \u2013 7 Aral\u0131k 2025&#8230;<\/p>\n","protected":false},"author":1,"featured_media":74894,"comment_status":"open","ping_status":"open","sticky":false,"template":"","format":"standard","meta":{"_crdt_document":"","footnotes":""},"categories":[1],"tags":[],"class_list":["post-74893","post","type-post","status-publish","format-standard","has-post-thumbnail","hentry","category-guncel"],"_links":{"self":[{"href":"https:\/\/www.egemtv.com\/index.php?rest_route=\/wp\/v2\/posts\/74893","targetHints":{"allow":["GET"]}}],"collection":[{"href":"https:\/\/www.egemtv.com\/index.php?rest_route=\/wp\/v2\/posts"}],"about":[{"href":"https:\/\/www.egemtv.com\/index.php?rest_route=\/wp\/v2\/types\/post"}],"author":[{"embeddable":true,"href":"https:\/\/www.egemtv.com\/index.php?rest_route=\/wp\/v2\/users\/1"}],"replies":[{"embeddable":true,"href":"https:\/\/www.egemtv.com\/index.php?rest_route=%2Fwp%2Fv2%2Fcomments&post=74893"}],"version-history":[{"count":1,"href":"https:\/\/www.egemtv.com\/index.php?rest_route=\/wp\/v2\/posts\/74893\/revisions"}],"predecessor-version":[{"id":74895,"href":"https:\/\/www.egemtv.com\/index.php?rest_route=\/wp\/v2\/posts\/74893\/revisions\/74895"}],"wp:featuredmedia":[{"embeddable":true,"href":"https:\/\/www.egemtv.com\/index.php?rest_route=\/wp\/v2\/media\/74894"}],"wp:attachment":[{"href":"https:\/\/www.egemtv.com\/index.php?rest_route=%2Fwp%2Fv2%2Fmedia&parent=74893"}],"wp:term":[{"taxonomy":"category","embeddable":true,"href":"https:\/\/www.egemtv.com\/index.php?rest_route=%2Fwp%2Fv2%2Fcategories&post=74893"},{"taxonomy":"post_tag","embeddable":true,"href":"https:\/\/www.egemtv.com\/index.php?rest_route=%2Fwp%2Fv2%2Ftags&post=74893"}],"curies":[{"name":"wp","href":"https:\/\/api.w.org\/{rel}","templated":true}]}}