{"id":74890,"date":"2025-12-18T09:55:56","date_gmt":"2025-12-18T06:55:56","guid":{"rendered":"https:\/\/www.egemtv.com\/?p=74890"},"modified":"2025-12-18T09:55:57","modified_gmt":"2025-12-18T06:55:57","slug":"kemer-baraj-golunde-su-urunleri-avciligina-siki-denetim","status":"publish","type":"post","link":"https:\/\/www.egemtv.com\/?p=74890","title":{"rendered":"Kemer Baraj G\u00f6l\u00fc\u2019nde su \u00fcr\u00fcnleri avc\u0131l\u0131\u011f\u0131na s\u0131k\u0131 denetim"},"content":{"rendered":"<p>Bozdo\u011fan \u0130l\u00e7e Tar\u0131m ve Orman M\u00fcd\u00fcrl\u00fc\u011f\u00fc ekipleri, Kemer Baraj G\u00f6l\u00fc\u2019nde su \u00fcr\u00fcnleri avc\u0131l\u0131\u011f\u0131na y\u00f6nelik denetim ger\u00e7ekle\u015ftirirken, ka\u00e7ak ve mevzuata ayk\u0131r\u0131 avlanmaya ge\u00e7it verilmeyece\u011fi vurguland\u0131.<br \/>\n<br \/>Bozdo\u011fan \u0130l\u00e7e Tar\u0131m ve Orman M\u00fcd\u00fcrl\u00fc\u011f\u00fc personelleri taraf\u0131ndan il\u00e7ede bulunan Kemer Baraj G\u00f6l\u00fc\u2019nde su \u00fcr\u00fcnleri avc\u0131l\u0131k denetimi yap\u0131ld\u0131. Ger\u00e7ekle\u015ftirilen denetimlerde, avlanma faaliyetlerinin mevzuata uygunlu\u011fu kontrol edilirken, g\u00f6ldeki su \u00fcr\u00fcnlerinin korunmas\u0131na y\u00f6nelik incelemelerde bulunuldu. Denetimler s\u0131ras\u0131nda av ara\u00e7 ve gere\u00e7leri incelenirken, yasakl\u0131 avlanma y\u00f6ntemlerine kar\u015f\u0131 kontroller ger\u00e7ekle\u015ftirildi. S\u00fcrd\u00fcr\u00fclebilir bal\u0131k\u00e7\u0131l\u0131\u011f\u0131n sa\u011flanmas\u0131 ve su \u00fcr\u00fcnleri kaynaklar\u0131n\u0131n korunmas\u0131 amac\u0131yla denetimlerin aral\u0131ks\u0131z s\u00fcrece\u011fini belirten Bozdo\u011fan \u0130l\u00e7e Tar\u0131m ve Orman M\u00fcd\u00fcrl\u00fc\u011f\u00fc, kurallara uymayanlar hakk\u0131nda ise gerekli yasal i\u015flemlerin uygulanaca\u011f\u0131n\u0131 vurgulad\u0131.<br \/><\/p>\n","protected":false},"excerpt":{"rendered":"<p>Bozdo\u011fan \u0130l\u00e7e Tar\u0131m ve Orman M\u00fcd\u00fcrl\u00fc\u011f\u00fc ekipleri, Kemer Baraj G\u00f6l\u00fc\u2019nde su \u00fcr\u00fcnleri avc\u0131l\u0131\u011f\u0131na y\u00f6nelik denetim ger\u00e7ekle\u015ftirirken, ka\u00e7ak ve mevzuata ayk\u0131r\u0131 avlanmaya ge\u00e7it verilmeyece\u011fi vurguland\u0131. Bozdo\u011fan \u0130l\u00e7e Tar\u0131m ve Orman M\u00fcd\u00fcrl\u00fc\u011f\u00fc personelleri taraf\u0131ndan il\u00e7ede bulunan Kemer Baraj G\u00f6l\u00fc\u2019nde su \u00fcr\u00fcnleri avc\u0131l\u0131k denetimi yap\u0131ld\u0131. Ger\u00e7ekle\u015ftirilen denetimlerde, avlanma faaliyetlerinin mevzuata uygunlu\u011fu kontrol edilirken, g\u00f6ldeki su \u00fcr\u00fcnlerinin korunmas\u0131na y\u00f6nelik&#8230;<\/p>\n","protected":false},"author":1,"featured_media":74891,"comment_status":"open","ping_status":"open","sticky":false,"template":"","format":"standard","meta":{"_crdt_document":"","footnotes":""},"categories":[1],"tags":[],"class_list":["post-74890","post","type-post","status-publish","format-standard","has-post-thumbnail","hentry","category-guncel"],"_links":{"self":[{"href":"https:\/\/www.egemtv.com\/index.php?rest_route=\/wp\/v2\/posts\/74890","targetHints":{"allow":["GET"]}}],"collection":[{"href":"https:\/\/www.egemtv.com\/index.php?rest_route=\/wp\/v2\/posts"}],"about":[{"href":"https:\/\/www.egemtv.com\/index.php?rest_route=\/wp\/v2\/types\/post"}],"author":[{"embeddable":true,"href":"https:\/\/www.egemtv.com\/index.php?rest_route=\/wp\/v2\/users\/1"}],"replies":[{"embeddable":true,"href":"https:\/\/www.egemtv.com\/index.php?rest_route=%2Fwp%2Fv2%2Fcomments&post=74890"}],"version-history":[{"count":1,"href":"https:\/\/www.egemtv.com\/index.php?rest_route=\/wp\/v2\/posts\/74890\/revisions"}],"predecessor-version":[{"id":74892,"href":"https:\/\/www.egemtv.com\/index.php?rest_route=\/wp\/v2\/posts\/74890\/revisions\/74892"}],"wp:featuredmedia":[{"embeddable":true,"href":"https:\/\/www.egemtv.com\/index.php?rest_route=\/wp\/v2\/media\/74891"}],"wp:attachment":[{"href":"https:\/\/www.egemtv.com\/index.php?rest_route=%2Fwp%2Fv2%2Fmedia&parent=74890"}],"wp:term":[{"taxonomy":"category","embeddable":true,"href":"https:\/\/www.egemtv.com\/index.php?rest_route=%2Fwp%2Fv2%2Fcategories&post=74890"},{"taxonomy":"post_tag","embeddable":true,"href":"https:\/\/www.egemtv.com\/index.php?rest_route=%2Fwp%2Fv2%2Ftags&post=74890"}],"curies":[{"name":"wp","href":"https:\/\/api.w.org\/{rel}","templated":true}]}}