{"id":74884,"date":"2025-12-18T09:55:55","date_gmt":"2025-12-18T06:55:55","guid":{"rendered":"https:\/\/www.egemtv.com\/?p=74884"},"modified":"2025-12-18T09:55:55","modified_gmt":"2025-12-18T06:55:55","slug":"yenipazarda-dogu-mahallesinde-parke-tasi-calismalari-suruyor","status":"publish","type":"post","link":"https:\/\/www.egemtv.com\/?p=74884","title":{"rendered":"Yenipazar\u2019da Do\u011fu Mahallesi\u2019nde parke ta\u015f\u0131 \u00e7al\u0131\u015fmalar\u0131 s\u00fcr\u00fcyor"},"content":{"rendered":"<p>Yenipazar Belediyesi, il\u00e7e genelinde y\u00fcr\u00fctt\u00fc\u011f\u00fc \u00fcstyap\u0131 \u00e7al\u0131\u015fmalar\u0131 kapsam\u0131nda Do\u011fu Mahallesi K\u0131z\u0131l\u0131rmak Caddesi\u2019nde parke ta\u015f\u0131 d\u00f6\u015feme \u00e7al\u0131\u015fmalar\u0131n\u0131 s\u00fcrd\u00fcr\u00fcyor.<\/p>\n<p>Yenipazar\u2019da cadde ve sokaklar\u0131n daha d\u00fczenli, g\u00fcvenli ve kullan\u0131\u015fl\u0131 hale getirilmesi i\u00e7in \u00e7al\u0131\u015fmalar aral\u0131ks\u0131z s\u00fcr\u00fcyor. \u00d6zellikle ula\u015f\u0131m konforunun art\u0131r\u0131lmas\u0131na y\u00f6nelik yap\u0131lan parke ta\u015f\u0131 d\u00f6\u015feme \u00e7al\u0131\u015fmalar\u0131n\u0131n, planlanan program \u00e7er\u00e7evesinde ger\u00e7ekle\u015ftiriliyor. Yenipazar Belediye Ba\u015fkan\u0131 Malik Ercan, Do\u011fu Mahallesi\u2019ndeki \u00e7al\u0131\u015fmalar\u0131n yan\u0131 s\u0131ra Sanayi B\u00f6lgesi\u2019nde s\u00fcrd\u00fcr\u00fclen d\u00fczenleme ve iyile\u015ftirme \u00e7al\u0131\u015fmalar\u0131n\u0131n da en k\u0131sa s\u00fcrede tamamlanaca\u011f\u0131n\u0131 belirtti. \u0130l\u00e7enin her noktas\u0131nda ya\u015fam kalitesini y\u00fckseltmeye y\u00f6nelik hizmet anlay\u0131\u015f\u0131yla hareket ettiklerini ifade eden Ercan, \u00e7al\u0131\u015fmalar\u0131n Yenipazar\u2019\u0131n ihtiya\u00e7lar\u0131 do\u011frultusunda titizlikle y\u00fcr\u00fct\u00fcld\u00fc\u011f\u00fcn\u00fc vurgulad\u0131.<br \/><\/p>\n","protected":false},"excerpt":{"rendered":"<p>Yenipazar Belediyesi, il\u00e7e genelinde y\u00fcr\u00fctt\u00fc\u011f\u00fc \u00fcstyap\u0131 \u00e7al\u0131\u015fmalar\u0131 kapsam\u0131nda Do\u011fu Mahallesi K\u0131z\u0131l\u0131rmak Caddesi\u2019nde parke ta\u015f\u0131 d\u00f6\u015feme \u00e7al\u0131\u015fmalar\u0131n\u0131 s\u00fcrd\u00fcr\u00fcyor. Yenipazar\u2019da cadde ve sokaklar\u0131n daha d\u00fczenli, g\u00fcvenli ve kullan\u0131\u015fl\u0131 hale getirilmesi i\u00e7in \u00e7al\u0131\u015fmalar aral\u0131ks\u0131z s\u00fcr\u00fcyor. \u00d6zellikle ula\u015f\u0131m konforunun art\u0131r\u0131lmas\u0131na y\u00f6nelik yap\u0131lan parke ta\u015f\u0131 d\u00f6\u015feme \u00e7al\u0131\u015fmalar\u0131n\u0131n, planlanan program \u00e7er\u00e7evesinde ger\u00e7ekle\u015ftiriliyor. Yenipazar Belediye Ba\u015fkan\u0131 Malik Ercan, Do\u011fu Mahallesi\u2019ndeki \u00e7al\u0131\u015fmalar\u0131n yan\u0131&#8230;<\/p>\n","protected":false},"author":1,"featured_media":74885,"comment_status":"open","ping_status":"open","sticky":false,"template":"","format":"standard","meta":{"_crdt_document":"","footnotes":""},"categories":[1],"tags":[],"class_list":["post-74884","post","type-post","status-publish","format-standard","has-post-thumbnail","hentry","category-guncel"],"_links":{"self":[{"href":"https:\/\/www.egemtv.com\/index.php?rest_route=\/wp\/v2\/posts\/74884","targetHints":{"allow":["GET"]}}],"collection":[{"href":"https:\/\/www.egemtv.com\/index.php?rest_route=\/wp\/v2\/posts"}],"about":[{"href":"https:\/\/www.egemtv.com\/index.php?rest_route=\/wp\/v2\/types\/post"}],"author":[{"embeddable":true,"href":"https:\/\/www.egemtv.com\/index.php?rest_route=\/wp\/v2\/users\/1"}],"replies":[{"embeddable":true,"href":"https:\/\/www.egemtv.com\/index.php?rest_route=%2Fwp%2Fv2%2Fcomments&post=74884"}],"version-history":[{"count":1,"href":"https:\/\/www.egemtv.com\/index.php?rest_route=\/wp\/v2\/posts\/74884\/revisions"}],"predecessor-version":[{"id":74886,"href":"https:\/\/www.egemtv.com\/index.php?rest_route=\/wp\/v2\/posts\/74884\/revisions\/74886"}],"wp:featuredmedia":[{"embeddable":true,"href":"https:\/\/www.egemtv.com\/index.php?rest_route=\/wp\/v2\/media\/74885"}],"wp:attachment":[{"href":"https:\/\/www.egemtv.com\/index.php?rest_route=%2Fwp%2Fv2%2Fmedia&parent=74884"}],"wp:term":[{"taxonomy":"category","embeddable":true,"href":"https:\/\/www.egemtv.com\/index.php?rest_route=%2Fwp%2Fv2%2Fcategories&post=74884"},{"taxonomy":"post_tag","embeddable":true,"href":"https:\/\/www.egemtv.com\/index.php?rest_route=%2Fwp%2Fv2%2Ftags&post=74884"}],"curies":[{"name":"wp","href":"https:\/\/api.w.org\/{rel}","templated":true}]}}