{"id":74881,"date":"2025-12-18T09:34:54","date_gmt":"2025-12-18T06:34:54","guid":{"rendered":"https:\/\/www.egemtv.com\/?p=74881"},"modified":"2025-12-18T09:34:55","modified_gmt":"2025-12-18T06:34:55","slug":"aydinda-aile-hekimlerinin-3-aylik-egitimi-tamamlandi","status":"publish","type":"post","link":"https:\/\/www.egemtv.com\/?p=74881","title":{"rendered":"Ayd\u0131n\u2019da aile hekimlerinin 3 ayl\u0131k e\u011fitimi tamamland\u0131"},"content":{"rendered":"<p>Ayd\u0131n\u2019da aile hekimlerine y\u00f6nelik d\u00fczenlenen &#8220;Tan\u0131dan Tedaviye G\u00fcncel Yakla\u015f\u0131mlar&#8221; e\u011fitim program\u0131, \u00fc\u00e7 ay s\u00fcren kapsaml\u0131 i\u00e7eri\u011fin ard\u0131ndan tamamland\u0131.<br \/>\n<br \/>Sa\u011fl\u0131k Bakanl\u0131\u011f\u0131\u2019n\u0131n &#8220;Koruyan Sa\u011fl\u0131k&#8221; ve &#8220;Geli\u015ftiren Sa\u011fl\u0131k&#8221; vizyonu do\u011frultusunda birinci basamak sa\u011fl\u0131k hizmetlerinin g\u00fc\u00e7lendirilmesi amac\u0131yla Ayd\u0131n\u2019da g\u00f6rev yapan aile hekimlerine y\u00f6nelik d\u00fczenlenen &#8220;Tan\u0131dan Tedaviye G\u00fcncel Yakla\u015f\u0131mlar E\u011fitim Program\u0131&#8221; tamamland\u0131. Halk Sa\u011fl\u0131\u011f\u0131 Genel M\u00fcd\u00fcrl\u00fc\u011f\u00fc taraf\u0131ndan planlanan ve Ayd\u0131n \u0130l Sa\u011fl\u0131k M\u00fcd\u00fcrl\u00fc\u011f\u00fc koordinasyonunda her ay farkl\u0131 ba\u015fl\u0131klarla ger\u00e7ekle\u015ftirilen e\u011fitim program\u0131 kapsam\u0131nda il genelinde g\u00f6rev yapan aile hekimlerine, koruyucu hekimlik uygulamalar\u0131, g\u00fcncel klinik yakla\u015f\u0131mlar, sa\u011fl\u0131k hizmet basamaklar\u0131 aras\u0131ndaki entegrasyon ile hasta y\u00f6netim s\u00fcre\u00e7lerine y\u00f6nelik kapsaml\u0131 bilgiler aktar\u0131ld\u0131. E\u011fitimlerle aile hekimli\u011fi hizmetlerinin kalitesinin art\u0131r\u0131lmas\u0131 ve toplum sa\u011fl\u0131\u011f\u0131n\u0131n g\u00fc\u00e7lendirilmesi hedeflenirken, e\u011fitimlerin sonunda katk\u0131 sa\u011flayan uzmanlara Sa\u011fl\u0131k Bakanl\u0131\u011f\u0131 Halk Sa\u011fl\u0131\u011f\u0131 Genel M\u00fcd\u00fcrl\u00fc\u011f\u00fc taraf\u0131ndan g\u00f6nderilen te\u015fekk\u00fcr belgeleri, \u0130l Sa\u011fl\u0131k M\u00fcd\u00fcr\u00fc Dr. Eser \u015eenkul taraf\u0131ndan takdim edildi.<br \/>\n<br \/>T\u00f6rende konu\u015fan \u0130l Sa\u011fl\u0131k M\u00fcd\u00fcr\u00fc Dr. Eser \u015eenkul, &#8220;Tan\u0131dan Tedaviye G\u00fcncel Yakla\u015f\u0131mlar&#8221; ba\u015fl\u0131\u011f\u0131 alt\u0131nda d\u00fczenlenen e\u011fitim program\u0131n\u0131n aile hekimlerinin mesleki geli\u015fimine ve birinci basamak sa\u011fl\u0131k hizmetlerinin niteli\u011fine \u00f6nemli katk\u0131lar sundu\u011funu belirterek, programa katk\u0131 sa\u011flayan t\u00fcm e\u011fitmen hekimlere te\u015fekk\u00fcr etti ve \u00e7al\u0131\u015fmalar\u0131nda ba\u015far\u0131lar diledi.<br \/><\/p>\n","protected":false},"excerpt":{"rendered":"<p>Ayd\u0131n\u2019da aile hekimlerine y\u00f6nelik d\u00fczenlenen &#8220;Tan\u0131dan Tedaviye G\u00fcncel Yakla\u015f\u0131mlar&#8221; e\u011fitim program\u0131, \u00fc\u00e7 ay s\u00fcren kapsaml\u0131 i\u00e7eri\u011fin ard\u0131ndan tamamland\u0131. Sa\u011fl\u0131k Bakanl\u0131\u011f\u0131\u2019n\u0131n &#8220;Koruyan Sa\u011fl\u0131k&#8221; ve &#8220;Geli\u015ftiren Sa\u011fl\u0131k&#8221; vizyonu do\u011frultusunda birinci basamak sa\u011fl\u0131k hizmetlerinin g\u00fc\u00e7lendirilmesi amac\u0131yla Ayd\u0131n\u2019da g\u00f6rev yapan aile hekimlerine y\u00f6nelik d\u00fczenlenen &#8220;Tan\u0131dan Tedaviye G\u00fcncel Yakla\u015f\u0131mlar E\u011fitim Program\u0131&#8221; tamamland\u0131. Halk Sa\u011fl\u0131\u011f\u0131 Genel M\u00fcd\u00fcrl\u00fc\u011f\u00fc taraf\u0131ndan planlanan ve Ayd\u0131n&#8230;<\/p>\n","protected":false},"author":1,"featured_media":74882,"comment_status":"open","ping_status":"open","sticky":false,"template":"","format":"standard","meta":{"_crdt_document":"","footnotes":""},"categories":[2],"tags":[],"class_list":["post-74881","post","type-post","status-publish","format-standard","has-post-thumbnail","hentry","category-saglik"],"_links":{"self":[{"href":"https:\/\/www.egemtv.com\/index.php?rest_route=\/wp\/v2\/posts\/74881","targetHints":{"allow":["GET"]}}],"collection":[{"href":"https:\/\/www.egemtv.com\/index.php?rest_route=\/wp\/v2\/posts"}],"about":[{"href":"https:\/\/www.egemtv.com\/index.php?rest_route=\/wp\/v2\/types\/post"}],"author":[{"embeddable":true,"href":"https:\/\/www.egemtv.com\/index.php?rest_route=\/wp\/v2\/users\/1"}],"replies":[{"embeddable":true,"href":"https:\/\/www.egemtv.com\/index.php?rest_route=%2Fwp%2Fv2%2Fcomments&post=74881"}],"version-history":[{"count":1,"href":"https:\/\/www.egemtv.com\/index.php?rest_route=\/wp\/v2\/posts\/74881\/revisions"}],"predecessor-version":[{"id":74883,"href":"https:\/\/www.egemtv.com\/index.php?rest_route=\/wp\/v2\/posts\/74881\/revisions\/74883"}],"wp:featuredmedia":[{"embeddable":true,"href":"https:\/\/www.egemtv.com\/index.php?rest_route=\/wp\/v2\/media\/74882"}],"wp:attachment":[{"href":"https:\/\/www.egemtv.com\/index.php?rest_route=%2Fwp%2Fv2%2Fmedia&parent=74881"}],"wp:term":[{"taxonomy":"category","embeddable":true,"href":"https:\/\/www.egemtv.com\/index.php?rest_route=%2Fwp%2Fv2%2Fcategories&post=74881"},{"taxonomy":"post_tag","embeddable":true,"href":"https:\/\/www.egemtv.com\/index.php?rest_route=%2Fwp%2Fv2%2Ftags&post=74881"}],"curies":[{"name":"wp","href":"https:\/\/api.w.org\/{rel}","templated":true}]}}