{"id":74878,"date":"2025-12-18T09:34:53","date_gmt":"2025-12-18T06:34:53","guid":{"rendered":"https:\/\/www.egemtv.com\/?p=74878"},"modified":"2025-12-18T09:34:54","modified_gmt":"2025-12-18T06:34:54","slug":"germencikte-deforme-olan-kasisler-ukomeye-bildirildi","status":"publish","type":"post","link":"https:\/\/www.egemtv.com\/?p=74878","title":{"rendered":"Germencik\u2019te deforme olan kasisler UKOME\u2019ye bildirildi"},"content":{"rendered":"<p>Germencik Belediyesi, il\u00e7e genelinde trafik g\u00fcvenli\u011fini art\u0131rmak amac\u0131yla kasislerle ilgili kapsaml\u0131 bir \u00e7al\u0131\u015fma ba\u015flatarak, kopmu\u015f, reflekt\u00f6r\u00fc silinmi\u015f ve \u00e7e\u015fitli nedenlerle deforme olarak trafik g\u00fcvenli\u011fini tehlikeye d\u00fc\u015f\u00fcren kasisler tespit edilip UKOME\u2019ye bildirildi.<\/p>\n<p>Zab\u0131ta M\u00fcd\u00fcrl\u00fc\u011f\u00fc\u2019ne ba\u011fl\u0131 ekipler taraf\u0131ndan \u00f6zellikle okul yollar\u0131 ba\u015fta olmak \u00fczere Ortaklar Mahallesi\u2019ndeki cadde ve sokaklarda incelemeler ger\u00e7ekle\u015ftirildi. Yap\u0131lan saha \u00e7al\u0131\u015fmalar\u0131nda; kopmu\u015f, reflekt\u00f6r\u00fc silinmi\u015f ve \u00e7e\u015fitli nedenlerle deforme olarak trafik g\u00fcvenli\u011fini tehlikeye d\u00fc\u015f\u00fcren kasisler tespit edildi. Ekiplerce belirlenen kasislerin enlem ve boylam hassas koordinatlar\u0131 al\u0131narak gerekli inceleme ve i\u015flemlerin yap\u0131lmas\u0131 amac\u0131yla Ula\u015f\u0131m Koordinasyon Merkezi\u2019ne (UKOME) resmi bildirimde bulunuldu.<\/p>\n<p>Germencik Belediye Ba\u015fkan\u0131 Burak Zencirci, vatanda\u015flar\u0131n can ve mal g\u00fcvenli\u011fini \u00f6nceleyen bir anlay\u0131\u015fla hareket ettiklerini belirterek, ilgili kurumlarla koordinasyon i\u00e7erisinde \u00e7al\u0131\u015fmalar\u0131n titizlikle s\u00fcrd\u00fcr\u00fclece\u011fini ifade etti. Zencirci, tespit edilen eksikliklerin en k\u0131sa s\u00fcrede giderilerek il\u00e7ede g\u00fcvenli ula\u015f\u0131m\u0131n sa\u011flanmaya devam edilece\u011fini vurgulad\u0131.<br \/><\/p>\n","protected":false},"excerpt":{"rendered":"<p>Germencik Belediyesi, il\u00e7e genelinde trafik g\u00fcvenli\u011fini art\u0131rmak amac\u0131yla kasislerle ilgili kapsaml\u0131 bir \u00e7al\u0131\u015fma ba\u015flatarak, kopmu\u015f, reflekt\u00f6r\u00fc silinmi\u015f ve \u00e7e\u015fitli nedenlerle deforme olarak trafik g\u00fcvenli\u011fini tehlikeye d\u00fc\u015f\u00fcren kasisler tespit edilip UKOME\u2019ye bildirildi. Zab\u0131ta M\u00fcd\u00fcrl\u00fc\u011f\u00fc\u2019ne ba\u011fl\u0131 ekipler taraf\u0131ndan \u00f6zellikle okul yollar\u0131 ba\u015fta olmak \u00fczere Ortaklar Mahallesi\u2019ndeki cadde ve sokaklarda incelemeler ger\u00e7ekle\u015ftirildi. Yap\u0131lan saha \u00e7al\u0131\u015fmalar\u0131nda; kopmu\u015f, reflekt\u00f6r\u00fc silinmi\u015f&#8230;<\/p>\n","protected":false},"author":1,"featured_media":74879,"comment_status":"open","ping_status":"open","sticky":false,"template":"","format":"standard","meta":{"_crdt_document":"","footnotes":""},"categories":[1],"tags":[],"class_list":["post-74878","post","type-post","status-publish","format-standard","has-post-thumbnail","hentry","category-guncel"],"_links":{"self":[{"href":"https:\/\/www.egemtv.com\/index.php?rest_route=\/wp\/v2\/posts\/74878","targetHints":{"allow":["GET"]}}],"collection":[{"href":"https:\/\/www.egemtv.com\/index.php?rest_route=\/wp\/v2\/posts"}],"about":[{"href":"https:\/\/www.egemtv.com\/index.php?rest_route=\/wp\/v2\/types\/post"}],"author":[{"embeddable":true,"href":"https:\/\/www.egemtv.com\/index.php?rest_route=\/wp\/v2\/users\/1"}],"replies":[{"embeddable":true,"href":"https:\/\/www.egemtv.com\/index.php?rest_route=%2Fwp%2Fv2%2Fcomments&post=74878"}],"version-history":[{"count":1,"href":"https:\/\/www.egemtv.com\/index.php?rest_route=\/wp\/v2\/posts\/74878\/revisions"}],"predecessor-version":[{"id":74880,"href":"https:\/\/www.egemtv.com\/index.php?rest_route=\/wp\/v2\/posts\/74878\/revisions\/74880"}],"wp:featuredmedia":[{"embeddable":true,"href":"https:\/\/www.egemtv.com\/index.php?rest_route=\/wp\/v2\/media\/74879"}],"wp:attachment":[{"href":"https:\/\/www.egemtv.com\/index.php?rest_route=%2Fwp%2Fv2%2Fmedia&parent=74878"}],"wp:term":[{"taxonomy":"category","embeddable":true,"href":"https:\/\/www.egemtv.com\/index.php?rest_route=%2Fwp%2Fv2%2Fcategories&post=74878"},{"taxonomy":"post_tag","embeddable":true,"href":"https:\/\/www.egemtv.com\/index.php?rest_route=%2Fwp%2Fv2%2Ftags&post=74878"}],"curies":[{"name":"wp","href":"https:\/\/api.w.org\/{rel}","templated":true}]}}