{"id":74875,"date":"2025-12-17T21:34:44","date_gmt":"2025-12-17T18:34:44","guid":{"rendered":"https:\/\/www.egemtv.com\/?p=74875"},"modified":"2025-12-17T21:34:45","modified_gmt":"2025-12-17T18:34:45","slug":"dogum-gunu-sevinci-kabusa-donustu","status":"publish","type":"post","link":"https:\/\/www.egemtv.com\/?p=74875","title":{"rendered":"Do\u011fum g\u00fcn\u00fc sevinci kabusa d\u00f6n\u00fc\u015ft\u00fc"},"content":{"rendered":"<p>Mu\u011fla\u2019n\u0131n Mente\u015fe il\u00e7esinde al\u0131\u015fveri\u015f merkezine arkada\u015f\u0131n\u0131n do\u011fum g\u00fcn\u00fcn\u00fc kutlamak i\u00e7in gelen 5 ya\u015f\u0131ndaki \u00e7ocu\u011fun eli y\u00fcr\u00fcyen merdivene s\u0131k\u0131\u015ft\u0131. \u0130tfaiye ekiplerinin h\u0131zl\u0131 m\u00fcdahalesiyle eli s\u0131k\u0131\u015ft\u0131\u011f\u0131 yerden \u00e7\u0131kar\u0131lan \u00e7ocuk, hastaneye kald\u0131r\u0131ld\u0131.<br \/>\n<br \/>Edinilen bilgiye g\u00f6re, al\u0131\u015fveri\u015f merkezinde ya\u015fanan olayda arkada\u015f\u0131n\u0131n do\u011fum g\u00fcn\u00fcn\u00fc kutlamak i\u00e7in al\u0131\u015fveri\u015f merkezine gelen yakla\u015f\u0131k 5 ya\u015f\u0131ndaki bir \u00e7ocu\u011fun eli y\u00fcr\u00fcyen merdivene s\u0131k\u0131\u015ft\u0131. Durumun 112 Acil \u00c7a\u011fr\u0131 Merkezi\u2019ne bildirilmesi \u00fczerine olay yerine Mu\u011fla B\u00fcy\u00fck\u015fehir Belediyesi \u0130tfaiye ekipleri ile sa\u011fl\u0131k ekipleri sevk edildi. \u0130tfaiye ekiplerinin dikkatli ve h\u0131zl\u0131 m\u00fcdahalesiyle \u00e7ocu\u011fun eli s\u0131k\u0131\u015ft\u0131\u011f\u0131 yerden \u00e7\u0131kar\u0131ld\u0131. Kurtar\u0131lan \u00e7ocuk sa\u011fl\u0131k ekiplerinin ilk m\u00fcdahalesinin ard\u0131ndan ambulansla hastaneye sevk edildi.<br \/>\n<br \/>Olayla ilgili soru\u015fturma s\u00fcr\u00fcyor.<br \/><\/p>\n","protected":false},"excerpt":{"rendered":"<p>Mu\u011fla\u2019n\u0131n Mente\u015fe il\u00e7esinde al\u0131\u015fveri\u015f merkezine arkada\u015f\u0131n\u0131n do\u011fum g\u00fcn\u00fcn\u00fc kutlamak i\u00e7in gelen 5 ya\u015f\u0131ndaki \u00e7ocu\u011fun eli y\u00fcr\u00fcyen merdivene s\u0131k\u0131\u015ft\u0131. \u0130tfaiye ekiplerinin h\u0131zl\u0131 m\u00fcdahalesiyle eli s\u0131k\u0131\u015ft\u0131\u011f\u0131 yerden \u00e7\u0131kar\u0131lan \u00e7ocuk, hastaneye kald\u0131r\u0131ld\u0131. Edinilen bilgiye g\u00f6re, al\u0131\u015fveri\u015f merkezinde ya\u015fanan olayda arkada\u015f\u0131n\u0131n do\u011fum g\u00fcn\u00fcn\u00fc kutlamak i\u00e7in al\u0131\u015fveri\u015f merkezine gelen yakla\u015f\u0131k 5 ya\u015f\u0131ndaki bir \u00e7ocu\u011fun eli y\u00fcr\u00fcyen merdivene s\u0131k\u0131\u015ft\u0131. Durumun 112&#8230;<\/p>\n","protected":false},"author":1,"featured_media":74876,"comment_status":"open","ping_status":"open","sticky":false,"template":"","format":"standard","meta":{"_crdt_document":"","footnotes":""},"categories":[5],"tags":[],"class_list":["post-74875","post","type-post","status-publish","format-standard","has-post-thumbnail","hentry","category-asayis"],"_links":{"self":[{"href":"https:\/\/www.egemtv.com\/index.php?rest_route=\/wp\/v2\/posts\/74875","targetHints":{"allow":["GET"]}}],"collection":[{"href":"https:\/\/www.egemtv.com\/index.php?rest_route=\/wp\/v2\/posts"}],"about":[{"href":"https:\/\/www.egemtv.com\/index.php?rest_route=\/wp\/v2\/types\/post"}],"author":[{"embeddable":true,"href":"https:\/\/www.egemtv.com\/index.php?rest_route=\/wp\/v2\/users\/1"}],"replies":[{"embeddable":true,"href":"https:\/\/www.egemtv.com\/index.php?rest_route=%2Fwp%2Fv2%2Fcomments&post=74875"}],"version-history":[{"count":1,"href":"https:\/\/www.egemtv.com\/index.php?rest_route=\/wp\/v2\/posts\/74875\/revisions"}],"predecessor-version":[{"id":74877,"href":"https:\/\/www.egemtv.com\/index.php?rest_route=\/wp\/v2\/posts\/74875\/revisions\/74877"}],"wp:featuredmedia":[{"embeddable":true,"href":"https:\/\/www.egemtv.com\/index.php?rest_route=\/wp\/v2\/media\/74876"}],"wp:attachment":[{"href":"https:\/\/www.egemtv.com\/index.php?rest_route=%2Fwp%2Fv2%2Fmedia&parent=74875"}],"wp:term":[{"taxonomy":"category","embeddable":true,"href":"https:\/\/www.egemtv.com\/index.php?rest_route=%2Fwp%2Fv2%2Fcategories&post=74875"},{"taxonomy":"post_tag","embeddable":true,"href":"https:\/\/www.egemtv.com\/index.php?rest_route=%2Fwp%2Fv2%2Ftags&post=74875"}],"curies":[{"name":"wp","href":"https:\/\/api.w.org\/{rel}","templated":true}]}}