{"id":74869,"date":"2025-12-17T21:14:41","date_gmt":"2025-12-17T18:14:41","guid":{"rendered":"https:\/\/www.egemtv.com\/?p=74869"},"modified":"2025-12-17T21:14:42","modified_gmt":"2025-12-17T18:14:42","slug":"kontrolden-cikan-kamyon-sarampole-devrilerek-takla-atti-1-yarali","status":"publish","type":"post","link":"https:\/\/www.egemtv.com\/?p=74869","title":{"rendered":"Kontrolden \u00e7\u0131kan kamyon \u015farampole devrilerek takla att\u0131: 1 yaral\u0131"},"content":{"rendered":"<p>Isparta\u2019n\u0131n \u015earkikaraa\u011fa\u00e7 il\u00e7esinde kontrolden \u00e7\u0131kan kamyonun \u015farampole devrilerek takla att\u0131\u011f\u0131 kazada s\u00fcr\u00fcc\u00fc yaraland\u0131.<br \/>\n<br \/>Kaza, \u015earkikaraa\u011fa\u00e7 il\u00e7esi Isparta-Konya karayolunda meydana geldi. Edinilen bilgilere g\u00f6re, Yunus D. idaresindeki 32 ADJ 221 plakal\u0131 kamyon, s\u00fcr\u00fcc\u00fcs\u00fcn\u00fcn direksiyon hakimiyetini kaybetmesinin ard\u0131ndan kontrolden \u00e7\u0131karak \u015farampole devrildi ve takla att\u0131. Kazada yaralanan s\u00fcr\u00fcc\u00fc Yunus D., kazay\u0131 g\u00f6renlerin ihbar\u0131 \u00fczerine olay yerine sevk edilen sa\u011fl\u0131k ekiplerinin ilk m\u00fcdahalesinin ard\u0131ndan ambulansla \u015earkikaraa\u011fa\u00e7 Devlet Hastanesi\u2019ne kald\u0131r\u0131ld\u0131. S\u00fcr\u00fcc\u00fcn\u00fcn sa\u011fl\u0131k durumunun iyi oldu\u011fu \u00f6\u011frenilirken, kazayla ilgili inceleme ba\u015flat\u0131ld\u0131.<br \/><\/p>\n","protected":false},"excerpt":{"rendered":"<p>Isparta\u2019n\u0131n \u015earkikaraa\u011fa\u00e7 il\u00e7esinde kontrolden \u00e7\u0131kan kamyonun \u015farampole devrilerek takla att\u0131\u011f\u0131 kazada s\u00fcr\u00fcc\u00fc yaraland\u0131. Kaza, \u015earkikaraa\u011fa\u00e7 il\u00e7esi Isparta-Konya karayolunda meydana geldi. Edinilen bilgilere g\u00f6re, Yunus D. idaresindeki 32 ADJ 221 plakal\u0131 kamyon, s\u00fcr\u00fcc\u00fcs\u00fcn\u00fcn direksiyon hakimiyetini kaybetmesinin ard\u0131ndan kontrolden \u00e7\u0131karak \u015farampole devrildi ve takla att\u0131. Kazada yaralanan s\u00fcr\u00fcc\u00fc Yunus D., kazay\u0131 g\u00f6renlerin ihbar\u0131 \u00fczerine olay yerine sevk&#8230;<\/p>\n","protected":false},"author":1,"featured_media":74870,"comment_status":"open","ping_status":"open","sticky":false,"template":"","format":"standard","meta":{"_crdt_document":"","footnotes":""},"categories":[5],"tags":[],"class_list":["post-74869","post","type-post","status-publish","format-standard","has-post-thumbnail","hentry","category-asayis"],"_links":{"self":[{"href":"https:\/\/www.egemtv.com\/index.php?rest_route=\/wp\/v2\/posts\/74869","targetHints":{"allow":["GET"]}}],"collection":[{"href":"https:\/\/www.egemtv.com\/index.php?rest_route=\/wp\/v2\/posts"}],"about":[{"href":"https:\/\/www.egemtv.com\/index.php?rest_route=\/wp\/v2\/types\/post"}],"author":[{"embeddable":true,"href":"https:\/\/www.egemtv.com\/index.php?rest_route=\/wp\/v2\/users\/1"}],"replies":[{"embeddable":true,"href":"https:\/\/www.egemtv.com\/index.php?rest_route=%2Fwp%2Fv2%2Fcomments&post=74869"}],"version-history":[{"count":1,"href":"https:\/\/www.egemtv.com\/index.php?rest_route=\/wp\/v2\/posts\/74869\/revisions"}],"predecessor-version":[{"id":74871,"href":"https:\/\/www.egemtv.com\/index.php?rest_route=\/wp\/v2\/posts\/74869\/revisions\/74871"}],"wp:featuredmedia":[{"embeddable":true,"href":"https:\/\/www.egemtv.com\/index.php?rest_route=\/wp\/v2\/media\/74870"}],"wp:attachment":[{"href":"https:\/\/www.egemtv.com\/index.php?rest_route=%2Fwp%2Fv2%2Fmedia&parent=74869"}],"wp:term":[{"taxonomy":"category","embeddable":true,"href":"https:\/\/www.egemtv.com\/index.php?rest_route=%2Fwp%2Fv2%2Fcategories&post=74869"},{"taxonomy":"post_tag","embeddable":true,"href":"https:\/\/www.egemtv.com\/index.php?rest_route=%2Fwp%2Fv2%2Ftags&post=74869"}],"curies":[{"name":"wp","href":"https:\/\/api.w.org\/{rel}","templated":true}]}}