{"id":74866,"date":"2025-12-17T21:14:40","date_gmt":"2025-12-17T18:14:40","guid":{"rendered":"https:\/\/www.egemtv.com\/?p=74866"},"modified":"2025-12-17T21:14:41","modified_gmt":"2025-12-17T18:14:41","slug":"sarigollu-genc-hayata-tutunamadi","status":"publish","type":"post","link":"https:\/\/www.egemtv.com\/?p=74866","title":{"rendered":"Sar\u0131g\u00f6ll\u00fc gen\u00e7 hayata tutunamad\u0131"},"content":{"rendered":"<p>Manisa\u2019n\u0131n Sar\u0131g\u00f6l il\u00e7esinde asker u\u011furlamas\u0131 s\u0131ras\u0131nda \u00e7\u0131kan tart\u0131\u015fmada b\u0131\u00e7aklanarak a\u011f\u0131r yaralanan 23 ya\u015f\u0131ndaki Ahmet Akt\u00fcrk, 12 g\u00fcnd\u00fcr tedavi g\u00f6rd\u00fc\u011f\u00fc hastanede ya\u015fam m\u00fccadelesini kaybetti.<br \/>\n<br \/>Olay, Aral\u0131k ay\u0131n\u0131n 5\u2019inde Sar\u0131g\u00f6l il\u00e7esi TOK\u0130 konutlar\u0131nda meydana geldi. Asker u\u011furlamas\u0131 s\u0131ras\u0131nda hen\u00fcz bilinmeyen bir nedenle \u00e7\u0131kan tart\u0131\u015fmada Ahmet Akt\u00fcrk, v\u00fccudunun be\u015f yerinden b\u0131\u00e7aklanarak a\u011f\u0131r yaraland\u0131. Akt\u00fcrk\u2019\u00fc b\u0131\u00e7aklayan E.T. ise g\u00f6zalt\u0131na al\u0131nd\u0131.<br \/>\n<br \/>A\u011f\u0131r yaralanan Ahmet Akt\u00fcrk, Sar\u0131g\u00f6l Devlet Hastanesinde yap\u0131lan ilk m\u00fcdahalenin ard\u0131ndan Manisa Celal Bayar \u00dcniversitesi Hastanesine sevk edildi.<br \/>\n<br \/>Yo\u011fun bak\u0131mda tedavi alt\u0131na al\u0131nan Ahmet Akt\u00fcrk, doktorlar\u0131n t\u00fcm m\u00fcdahalelerine ra\u011fmen hayat\u0131n\u0131 kaybetti. Gen\u00e7 ya\u015fta ya\u015fam\u0131n\u0131 yitiren Akt\u00fcrk\u2019\u00fcn \u00f6l\u00fcm\u00fc Sar\u0131g\u00f6l il\u00e7esinde b\u00fcy\u00fck \u00fcz\u00fcnt\u00fcye neden oldu.<br \/>\n<br \/>Olayla ilgili soru\u015fturman\u0131n s\u00fcrd\u00fc\u011f\u00fc \u00f6\u011frenildi.<br \/><\/p>\n","protected":false},"excerpt":{"rendered":"<p>Manisa\u2019n\u0131n Sar\u0131g\u00f6l il\u00e7esinde asker u\u011furlamas\u0131 s\u0131ras\u0131nda \u00e7\u0131kan tart\u0131\u015fmada b\u0131\u00e7aklanarak a\u011f\u0131r yaralanan 23 ya\u015f\u0131ndaki Ahmet Akt\u00fcrk, 12 g\u00fcnd\u00fcr tedavi g\u00f6rd\u00fc\u011f\u00fc hastanede ya\u015fam m\u00fccadelesini kaybetti. Olay, Aral\u0131k ay\u0131n\u0131n 5\u2019inde Sar\u0131g\u00f6l il\u00e7esi TOK\u0130 konutlar\u0131nda meydana geldi. Asker u\u011furlamas\u0131 s\u0131ras\u0131nda hen\u00fcz bilinmeyen bir nedenle \u00e7\u0131kan tart\u0131\u015fmada Ahmet Akt\u00fcrk, v\u00fccudunun be\u015f yerinden b\u0131\u00e7aklanarak a\u011f\u0131r yaraland\u0131. Akt\u00fcrk\u2019\u00fc b\u0131\u00e7aklayan E.T. ise g\u00f6zalt\u0131na&#8230;<\/p>\n","protected":false},"author":1,"featured_media":74867,"comment_status":"open","ping_status":"open","sticky":false,"template":"","format":"standard","meta":{"_crdt_document":"","footnotes":""},"categories":[5],"tags":[],"class_list":["post-74866","post","type-post","status-publish","format-standard","has-post-thumbnail","hentry","category-asayis"],"_links":{"self":[{"href":"https:\/\/www.egemtv.com\/index.php?rest_route=\/wp\/v2\/posts\/74866","targetHints":{"allow":["GET"]}}],"collection":[{"href":"https:\/\/www.egemtv.com\/index.php?rest_route=\/wp\/v2\/posts"}],"about":[{"href":"https:\/\/www.egemtv.com\/index.php?rest_route=\/wp\/v2\/types\/post"}],"author":[{"embeddable":true,"href":"https:\/\/www.egemtv.com\/index.php?rest_route=\/wp\/v2\/users\/1"}],"replies":[{"embeddable":true,"href":"https:\/\/www.egemtv.com\/index.php?rest_route=%2Fwp%2Fv2%2Fcomments&post=74866"}],"version-history":[{"count":1,"href":"https:\/\/www.egemtv.com\/index.php?rest_route=\/wp\/v2\/posts\/74866\/revisions"}],"predecessor-version":[{"id":74868,"href":"https:\/\/www.egemtv.com\/index.php?rest_route=\/wp\/v2\/posts\/74866\/revisions\/74868"}],"wp:featuredmedia":[{"embeddable":true,"href":"https:\/\/www.egemtv.com\/index.php?rest_route=\/wp\/v2\/media\/74867"}],"wp:attachment":[{"href":"https:\/\/www.egemtv.com\/index.php?rest_route=%2Fwp%2Fv2%2Fmedia&parent=74866"}],"wp:term":[{"taxonomy":"category","embeddable":true,"href":"https:\/\/www.egemtv.com\/index.php?rest_route=%2Fwp%2Fv2%2Fcategories&post=74866"},{"taxonomy":"post_tag","embeddable":true,"href":"https:\/\/www.egemtv.com\/index.php?rest_route=%2Fwp%2Fv2%2Ftags&post=74866"}],"curies":[{"name":"wp","href":"https:\/\/api.w.org\/{rel}","templated":true}]}}