{"id":74863,"date":"2025-12-17T20:54:41","date_gmt":"2025-12-17T17:54:41","guid":{"rendered":"https:\/\/www.egemtv.com\/?p=74863"},"modified":"2025-12-17T20:54:42","modified_gmt":"2025-12-17T17:54:42","slug":"sarkikaraagacta-elektrikli-bisikletle-otomobil-carpisti-2-kisi-yaralandi","status":"publish","type":"post","link":"https:\/\/www.egemtv.com\/?p=74863","title":{"rendered":"\u015earkikaraa\u011fa\u00e7\u2019ta elektrikli bisikletle otomobil \u00e7arp\u0131\u015ft\u0131, 2 ki\u015fi yaraland\u0131"},"content":{"rendered":"<p>Isparta\u2019n\u0131n \u015earkikaraa\u011fa\u00e7 il\u00e7esinde elektrikli bisiklet ile otomobilin \u00e7arp\u0131\u015fmas\u0131 sonucu meydana gelen kazada 2 ki\u015fi yaraland\u0131.<br \/>\n<br \/>Kaza, \u015earkikaraa\u011fa\u00e7 il\u00e7esi Konya Caddesi Meslek Y\u00fcksekokulu Kav\u015fa\u011f\u0131\u2019nda meydana geldi. Edinilen bilgilere g\u00f6re, Cariye E. (66) idaresindeki 32 AGB 367 plakal\u0131 \u00fc\u00e7 tekerlekli elektrikli bisiklet ile Ali G. (78) y\u00f6netimindeki 32 KC 368 plakal\u0131 otomobil kav\u015fakta \u00e7arp\u0131\u015ft\u0131. Kazada elektrikli bisiklet s\u00fcr\u00fcc\u00fcs\u00fc Cariye E. ile ara\u00e7ta yolcu konumunda bulunan \u0130smail Hakk\u0131 E. (69) yaraland\u0131. Kazay\u0131 g\u00f6renlerin ihbar\u0131 \u00fczerine olay yerine polis ve sa\u011fl\u0131k ekipleri sevk edildi. Sa\u011fl\u0131k ekiplerinin olay yerindeki ilk m\u00fcdahalesinin ard\u0131ndan yaral\u0131lar ambulansla \u015earkikaraa\u011fa\u00e7 Devlet Hastanesi\u2019ne kald\u0131r\u0131ld\u0131. Kazayla ilgili inceleme ba\u015flat\u0131ld\u0131.<br \/><\/p>\n","protected":false},"excerpt":{"rendered":"<p>Isparta\u2019n\u0131n \u015earkikaraa\u011fa\u00e7 il\u00e7esinde elektrikli bisiklet ile otomobilin \u00e7arp\u0131\u015fmas\u0131 sonucu meydana gelen kazada 2 ki\u015fi yaraland\u0131. Kaza, \u015earkikaraa\u011fa\u00e7 il\u00e7esi Konya Caddesi Meslek Y\u00fcksekokulu Kav\u015fa\u011f\u0131\u2019nda meydana geldi. Edinilen bilgilere g\u00f6re, Cariye E. (66) idaresindeki 32 AGB 367 plakal\u0131 \u00fc\u00e7 tekerlekli elektrikli bisiklet ile Ali G. (78) y\u00f6netimindeki 32 KC 368 plakal\u0131 otomobil kav\u015fakta \u00e7arp\u0131\u015ft\u0131. Kazada elektrikli bisiklet&#8230;<\/p>\n","protected":false},"author":1,"featured_media":74864,"comment_status":"open","ping_status":"open","sticky":false,"template":"","format":"standard","meta":{"_crdt_document":"","footnotes":""},"categories":[5],"tags":[],"class_list":["post-74863","post","type-post","status-publish","format-standard","has-post-thumbnail","hentry","category-asayis"],"_links":{"self":[{"href":"https:\/\/www.egemtv.com\/index.php?rest_route=\/wp\/v2\/posts\/74863","targetHints":{"allow":["GET"]}}],"collection":[{"href":"https:\/\/www.egemtv.com\/index.php?rest_route=\/wp\/v2\/posts"}],"about":[{"href":"https:\/\/www.egemtv.com\/index.php?rest_route=\/wp\/v2\/types\/post"}],"author":[{"embeddable":true,"href":"https:\/\/www.egemtv.com\/index.php?rest_route=\/wp\/v2\/users\/1"}],"replies":[{"embeddable":true,"href":"https:\/\/www.egemtv.com\/index.php?rest_route=%2Fwp%2Fv2%2Fcomments&post=74863"}],"version-history":[{"count":1,"href":"https:\/\/www.egemtv.com\/index.php?rest_route=\/wp\/v2\/posts\/74863\/revisions"}],"predecessor-version":[{"id":74865,"href":"https:\/\/www.egemtv.com\/index.php?rest_route=\/wp\/v2\/posts\/74863\/revisions\/74865"}],"wp:featuredmedia":[{"embeddable":true,"href":"https:\/\/www.egemtv.com\/index.php?rest_route=\/wp\/v2\/media\/74864"}],"wp:attachment":[{"href":"https:\/\/www.egemtv.com\/index.php?rest_route=%2Fwp%2Fv2%2Fmedia&parent=74863"}],"wp:term":[{"taxonomy":"category","embeddable":true,"href":"https:\/\/www.egemtv.com\/index.php?rest_route=%2Fwp%2Fv2%2Fcategories&post=74863"},{"taxonomy":"post_tag","embeddable":true,"href":"https:\/\/www.egemtv.com\/index.php?rest_route=%2Fwp%2Fv2%2Ftags&post=74863"}],"curies":[{"name":"wp","href":"https:\/\/api.w.org\/{rel}","templated":true}]}}