{"id":74779,"date":"2025-12-17T15:15:14","date_gmt":"2025-12-17T12:15:14","guid":{"rendered":"https:\/\/www.egemtv.com\/?p=74779"},"modified":"2025-12-17T15:15:15","modified_gmt":"2025-12-17T12:15:15","slug":"sarigolde-yerli-mali-haftasi-renkli-goruntulere-sahne-oldu","status":"publish","type":"post","link":"https:\/\/www.egemtv.com\/?p=74779","title":{"rendered":"Sar\u0131g\u00f6l\u2019de Yerli Mal\u0131 Haftas\u0131 renkli g\u00f6r\u00fcnt\u00fclere sahne oldu"},"content":{"rendered":"<p>Manisa\u2019n\u0131n Sar\u0131g\u00f6l il\u00e7esinde ger\u00e7ekle\u015ftirilen t\u00f6rende, tutumlu olman\u0131n ve yerli mal\u0131 kullanman\u0131n \u00f6nemine dikkat \u00e7ekilerek Yerli Mal\u0131 Haftas\u0131 kutland\u0131.<br \/>\n<br \/>Sar\u0131g\u00f6l T\u0131razlar H\u00fcseyin G\u00fcm\u00fc\u015fl\u00fc Ortaokulu taraf\u0131ndan 12-18 Aral\u0131k Tutum, Yat\u0131r\u0131m ve Yerli Mallar\u0131 Haftas\u0131 kapsam\u0131nda d\u00fczenlenen etkinlik, \u00f6\u011frenci ve davetlilerin yo\u011fun kat\u0131l\u0131m\u0131yla ger\u00e7ekle\u015ftirildi.<br \/>\n<br \/>Okul bah\u00e7esinde ve okul i\u00e7erisinde d\u00fczenlenen t\u00f6rende \u00f6\u011frenciler, yerli \u00fcr\u00fcnleri tan\u0131tarak tutumlu olman\u0131n ve yerli mal\u0131 kullanman\u0131n \u00f6nemine dikkat \u00e7ekti. Programda halk oyunlar\u0131 g\u00f6sterileri, y\u00f6resel giysilerle yap\u0131lan canland\u0131rmalar ve okul m\u00fczik korosunun verdi\u011fi konser izleyenlerden b\u00fcy\u00fck alk\u0131\u015f ald\u0131.<br \/>\n<br \/>Etkinlik kapsam\u0131nda okul salonunda \u00f6\u011frenciler taraf\u0131ndan \u00e7e\u015fitli yerli \u00fcr\u00fcnlerin haz\u0131rlan\u0131\u015f\u0131 temsili olarak sergilenirken, okul bah\u00e7esinde kurulan kazanlarda Sar\u0131g\u00f6l\u2019de e\u011fitime b\u00fcy\u00fck katk\u0131lar sunan merhum hay\u0131rsever H\u00fcseyin G\u00fcm\u00fc\u015fl\u00fc ad\u0131na hay\u0131r yeme\u011fi haz\u0131rland\u0131. Haz\u0131rlanan hay\u0131r, \u00f6\u011frencilere ve davetlilere ikram edildi.<br \/>\n<br \/>Sar\u0131g\u00f6l \u0130l\u00e7e Milli E\u011fitim M\u00fcd\u00fcr\u00fc Cezmi Y\u0131ld\u0131rak, etkinli\u011fin haz\u0131rlanmas\u0131nda eme\u011fi ge\u00e7en okul y\u00f6netimi, \u00f6\u011fretmenler ve \u00f6\u011frencileri tebrik etti. Y\u0131ld\u0131rak ayr\u0131ca, il\u00e7edeki bir\u00e7ok okulda hayr\u0131 bulunan merhum H\u00fcseyin G\u00fcm\u00fc\u015fl\u00fc\u2019n\u00fcn o\u011fullar\u0131 ve torunlar\u0131na da te\u015fekk\u00fcr etti.<br \/>\n<br \/>T\u0131razlar H\u00fcseyin G\u00fcm\u00fc\u015fl\u00fc Ortaokulu taraf\u0131ndan haz\u0131rlanan programa Sar\u0131g\u00f6l Belediye Ba\u015fkan\u0131 Tahsin Akdeniz, \u0130l\u00e7e Milli E\u011fitim M\u00fcd\u00fcr\u00fc Cezmi Y\u0131ld\u0131rak, okul m\u00fcd\u00fcrleri, davetliler ve veliler kat\u0131ld\u0131.<br \/><\/p>\n","protected":false},"excerpt":{"rendered":"<p>Manisa\u2019n\u0131n Sar\u0131g\u00f6l il\u00e7esinde ger\u00e7ekle\u015ftirilen t\u00f6rende, tutumlu olman\u0131n ve yerli mal\u0131 kullanman\u0131n \u00f6nemine dikkat \u00e7ekilerek Yerli Mal\u0131 Haftas\u0131 kutland\u0131. Sar\u0131g\u00f6l T\u0131razlar H\u00fcseyin G\u00fcm\u00fc\u015fl\u00fc Ortaokulu taraf\u0131ndan 12-18 Aral\u0131k Tutum, Yat\u0131r\u0131m ve Yerli Mallar\u0131 Haftas\u0131 kapsam\u0131nda d\u00fczenlenen etkinlik, \u00f6\u011frenci ve davetlilerin yo\u011fun kat\u0131l\u0131m\u0131yla ger\u00e7ekle\u015ftirildi. Okul bah\u00e7esinde ve okul i\u00e7erisinde d\u00fczenlenen t\u00f6rende \u00f6\u011frenciler, yerli \u00fcr\u00fcnleri tan\u0131tarak tutumlu olman\u0131n ve&#8230;<\/p>\n","protected":false},"author":1,"featured_media":74780,"comment_status":"open","ping_status":"open","sticky":false,"template":"","format":"standard","meta":{"_crdt_document":"","footnotes":""},"categories":[1],"tags":[],"class_list":["post-74779","post","type-post","status-publish","format-standard","has-post-thumbnail","hentry","category-guncel"],"_links":{"self":[{"href":"https:\/\/www.egemtv.com\/index.php?rest_route=\/wp\/v2\/posts\/74779","targetHints":{"allow":["GET"]}}],"collection":[{"href":"https:\/\/www.egemtv.com\/index.php?rest_route=\/wp\/v2\/posts"}],"about":[{"href":"https:\/\/www.egemtv.com\/index.php?rest_route=\/wp\/v2\/types\/post"}],"author":[{"embeddable":true,"href":"https:\/\/www.egemtv.com\/index.php?rest_route=\/wp\/v2\/users\/1"}],"replies":[{"embeddable":true,"href":"https:\/\/www.egemtv.com\/index.php?rest_route=%2Fwp%2Fv2%2Fcomments&post=74779"}],"version-history":[{"count":1,"href":"https:\/\/www.egemtv.com\/index.php?rest_route=\/wp\/v2\/posts\/74779\/revisions"}],"predecessor-version":[{"id":74781,"href":"https:\/\/www.egemtv.com\/index.php?rest_route=\/wp\/v2\/posts\/74779\/revisions\/74781"}],"wp:featuredmedia":[{"embeddable":true,"href":"https:\/\/www.egemtv.com\/index.php?rest_route=\/wp\/v2\/media\/74780"}],"wp:attachment":[{"href":"https:\/\/www.egemtv.com\/index.php?rest_route=%2Fwp%2Fv2%2Fmedia&parent=74779"}],"wp:term":[{"taxonomy":"category","embeddable":true,"href":"https:\/\/www.egemtv.com\/index.php?rest_route=%2Fwp%2Fv2%2Fcategories&post=74779"},{"taxonomy":"post_tag","embeddable":true,"href":"https:\/\/www.egemtv.com\/index.php?rest_route=%2Fwp%2Fv2%2Ftags&post=74779"}],"curies":[{"name":"wp","href":"https:\/\/api.w.org\/{rel}","templated":true}]}}