{"id":74776,"date":"2025-12-17T15:15:12","date_gmt":"2025-12-17T12:15:12","guid":{"rendered":"https:\/\/www.egemtv.com\/?p=74776"},"modified":"2025-12-17T15:15:14","modified_gmt":"2025-12-17T12:15:14","slug":"piyasa-degeri-1-milyon-200-bin-tl-olan-kacak-parfum-ele-gecirildi","status":"publish","type":"post","link":"https:\/\/www.egemtv.com\/?p=74776","title":{"rendered":"Piyasa de\u011feri 1 milyon 200 bin TL olan ka\u00e7ak parf\u00fcm ele ge\u00e7irildi"},"content":{"rendered":"<p>Afyonkarahisar\u2019da jandarma taraf\u0131ndan bir i\u015f yerine yap\u0131lan bask\u0131n da piyasa de\u011feri 1 milyon 200 bin TL olan 2 bin 200 \u015fi\u015fe ka\u00e7ak parf\u00fcm ele ge\u00e7irildi.<br \/>\n<br \/>Olay, kent merkezinde meydana geldi. Edinilen bilgilere g\u00f6re ka\u00e7ak parf\u00fcm dolum tesisi olarak kullan\u0131lan bir depo oldu\u011fu ihbar\u0131n\u0131 alan jandarma ekipleri harekete ge\u00e7ti. Depoya bask\u0131n yapan ekipler yapt\u0131klar\u0131 aramada piyasa de\u011feri yakla\u015f\u0131k 1 milyon 200 bin TL olan 2 bin 200 adet ka\u00e7ak parf\u00fcm ile birlikte 80 litre parf\u00fcm yap\u0131m\u0131nda kullan\u0131lan s\u0131v\u0131 parf\u00fcm esans\u0131 ele ge\u00e7irdi. Olay\u0131n ard\u0131ndan M.D., isimli \u015fahs\u0131n g\u00f6zalt\u0131na al\u0131nd\u0131\u011f\u0131 kaydedildi.<br \/>\n<br \/>Olayla ilgili ba\u015flat\u0131lan soru\u015fturman\u0131n devam etti\u011fi bildirildi.<br \/><\/p>\n","protected":false},"excerpt":{"rendered":"<p>Afyonkarahisar\u2019da jandarma taraf\u0131ndan bir i\u015f yerine yap\u0131lan bask\u0131n da piyasa de\u011feri 1 milyon 200 bin TL olan 2 bin 200 \u015fi\u015fe ka\u00e7ak parf\u00fcm ele ge\u00e7irildi. Olay, kent merkezinde meydana geldi. Edinilen bilgilere g\u00f6re ka\u00e7ak parf\u00fcm dolum tesisi olarak kullan\u0131lan bir depo oldu\u011fu ihbar\u0131n\u0131 alan jandarma ekipleri harekete ge\u00e7ti. Depoya bask\u0131n yapan ekipler yapt\u0131klar\u0131 aramada piyasa&#8230;<\/p>\n","protected":false},"author":1,"featured_media":74777,"comment_status":"open","ping_status":"open","sticky":false,"template":"","format":"standard","meta":{"_crdt_document":"","footnotes":""},"categories":[5],"tags":[],"class_list":["post-74776","post","type-post","status-publish","format-standard","has-post-thumbnail","hentry","category-asayis"],"_links":{"self":[{"href":"https:\/\/www.egemtv.com\/index.php?rest_route=\/wp\/v2\/posts\/74776","targetHints":{"allow":["GET"]}}],"collection":[{"href":"https:\/\/www.egemtv.com\/index.php?rest_route=\/wp\/v2\/posts"}],"about":[{"href":"https:\/\/www.egemtv.com\/index.php?rest_route=\/wp\/v2\/types\/post"}],"author":[{"embeddable":true,"href":"https:\/\/www.egemtv.com\/index.php?rest_route=\/wp\/v2\/users\/1"}],"replies":[{"embeddable":true,"href":"https:\/\/www.egemtv.com\/index.php?rest_route=%2Fwp%2Fv2%2Fcomments&post=74776"}],"version-history":[{"count":1,"href":"https:\/\/www.egemtv.com\/index.php?rest_route=\/wp\/v2\/posts\/74776\/revisions"}],"predecessor-version":[{"id":74778,"href":"https:\/\/www.egemtv.com\/index.php?rest_route=\/wp\/v2\/posts\/74776\/revisions\/74778"}],"wp:featuredmedia":[{"embeddable":true,"href":"https:\/\/www.egemtv.com\/index.php?rest_route=\/wp\/v2\/media\/74777"}],"wp:attachment":[{"href":"https:\/\/www.egemtv.com\/index.php?rest_route=%2Fwp%2Fv2%2Fmedia&parent=74776"}],"wp:term":[{"taxonomy":"category","embeddable":true,"href":"https:\/\/www.egemtv.com\/index.php?rest_route=%2Fwp%2Fv2%2Fcategories&post=74776"},{"taxonomy":"post_tag","embeddable":true,"href":"https:\/\/www.egemtv.com\/index.php?rest_route=%2Fwp%2Fv2%2Ftags&post=74776"}],"curies":[{"name":"wp","href":"https:\/\/api.w.org\/{rel}","templated":true}]}}