{"id":74773,"date":"2025-12-17T14:54:51","date_gmt":"2025-12-17T11:54:51","guid":{"rendered":"https:\/\/www.egemtv.com\/?p=74773"},"modified":"2025-12-17T14:54:52","modified_gmt":"2025-12-17T11:54:52","slug":"kutahyada-ciftci-toplantilari-duzenlendi","status":"publish","type":"post","link":"https:\/\/www.egemtv.com\/?p=74773","title":{"rendered":"K\u00fctahya\u2019da \u00e7ift\u00e7i toplant\u0131lar\u0131 d\u00fczenlendi"},"content":{"rendered":"<p>K\u00fctahya \u0130l Tar\u0131m ve Orman M\u00fcd\u00fcrl\u00fc\u011f\u00fc personelleri taraf\u0131ndan, merkez il\u00e7eye ba\u011fl\u0131 Kepez ve I\u015f\u0131kkara k\u00f6ylerinde \u00e7ift\u00e7ilere y\u00f6nelik bilgilendirme toplant\u0131lar\u0131 ger\u00e7ekle\u015ftirildi.<br \/>\n<br \/>D\u00fczenlenen toplant\u0131larda \u00fcreticilere, bitkisel \u00fcretim desteklemeleri, sertifikal\u0131 tohum ve fidan kullan\u0131m\u0131, taahh\u00fctname i\u015flemleri, m\u00fcnavebe uygulamalar\u0131 ile bitki sa\u011fl\u0131\u011f\u0131 konular\u0131nda bilgiler verildi. Toplant\u0131larda ayr\u0131ca \u00e7ift\u00e7ilerin sorular\u0131 yan\u0131tlanarak, tar\u0131msal \u00fcretimde verim ve kaliteyi art\u0131rmaya y\u00f6nelik uygulamalar hakk\u0131nda de\u011ferlendirmelerde bulunuldu.<br \/>\n<br \/>Yetkililer, benzer bilgilendirme toplant\u0131lar\u0131n\u0131n il genelinde farkl\u0131 k\u00f6ylerde de devam edece\u011fini ifade etti.<br \/><\/p>\n","protected":false},"excerpt":{"rendered":"<p>K\u00fctahya \u0130l Tar\u0131m ve Orman M\u00fcd\u00fcrl\u00fc\u011f\u00fc personelleri taraf\u0131ndan, merkez il\u00e7eye ba\u011fl\u0131 Kepez ve I\u015f\u0131kkara k\u00f6ylerinde \u00e7ift\u00e7ilere y\u00f6nelik bilgilendirme toplant\u0131lar\u0131 ger\u00e7ekle\u015ftirildi. D\u00fczenlenen toplant\u0131larda \u00fcreticilere, bitkisel \u00fcretim desteklemeleri, sertifikal\u0131 tohum ve fidan kullan\u0131m\u0131, taahh\u00fctname i\u015flemleri, m\u00fcnavebe uygulamalar\u0131 ile bitki sa\u011fl\u0131\u011f\u0131 konular\u0131nda bilgiler verildi. Toplant\u0131larda ayr\u0131ca \u00e7ift\u00e7ilerin sorular\u0131 yan\u0131tlanarak, tar\u0131msal \u00fcretimde verim ve kaliteyi art\u0131rmaya y\u00f6nelik uygulamalar hakk\u0131nda&#8230;<\/p>\n","protected":false},"author":1,"featured_media":74774,"comment_status":"open","ping_status":"open","sticky":false,"template":"","format":"standard","meta":{"_crdt_document":"","footnotes":""},"categories":[1],"tags":[],"class_list":["post-74773","post","type-post","status-publish","format-standard","has-post-thumbnail","hentry","category-guncel"],"_links":{"self":[{"href":"https:\/\/www.egemtv.com\/index.php?rest_route=\/wp\/v2\/posts\/74773","targetHints":{"allow":["GET"]}}],"collection":[{"href":"https:\/\/www.egemtv.com\/index.php?rest_route=\/wp\/v2\/posts"}],"about":[{"href":"https:\/\/www.egemtv.com\/index.php?rest_route=\/wp\/v2\/types\/post"}],"author":[{"embeddable":true,"href":"https:\/\/www.egemtv.com\/index.php?rest_route=\/wp\/v2\/users\/1"}],"replies":[{"embeddable":true,"href":"https:\/\/www.egemtv.com\/index.php?rest_route=%2Fwp%2Fv2%2Fcomments&post=74773"}],"version-history":[{"count":1,"href":"https:\/\/www.egemtv.com\/index.php?rest_route=\/wp\/v2\/posts\/74773\/revisions"}],"predecessor-version":[{"id":74775,"href":"https:\/\/www.egemtv.com\/index.php?rest_route=\/wp\/v2\/posts\/74773\/revisions\/74775"}],"wp:featuredmedia":[{"embeddable":true,"href":"https:\/\/www.egemtv.com\/index.php?rest_route=\/wp\/v2\/media\/74774"}],"wp:attachment":[{"href":"https:\/\/www.egemtv.com\/index.php?rest_route=%2Fwp%2Fv2%2Fmedia&parent=74773"}],"wp:term":[{"taxonomy":"category","embeddable":true,"href":"https:\/\/www.egemtv.com\/index.php?rest_route=%2Fwp%2Fv2%2Fcategories&post=74773"},{"taxonomy":"post_tag","embeddable":true,"href":"https:\/\/www.egemtv.com\/index.php?rest_route=%2Fwp%2Fv2%2Ftags&post=74773"}],"curies":[{"name":"wp","href":"https:\/\/api.w.org\/{rel}","templated":true}]}}