{"id":74770,"date":"2025-12-17T14:54:50","date_gmt":"2025-12-17T11:54:50","guid":{"rendered":"https:\/\/www.egemtv.com\/?p=74770"},"modified":"2025-12-17T14:54:51","modified_gmt":"2025-12-17T11:54:51","slug":"emet-myoda-hz-peygamber-ve-sahsiyet-insasi-baslikli-konferans","status":"publish","type":"post","link":"https:\/\/www.egemtv.com\/?p=74770","title":{"rendered":"Emet MYO\u2019da &#8220;Hz. Peygamber ve \u015eahsiyet \u0130n\u015fas\u0131&#8221; ba\u015fl\u0131kl\u0131 konferans"},"content":{"rendered":"<p>K\u00fctahya Dumlup\u0131nar \u00dcniversitesi (DP\u00dc) Emet Meslek Y\u00fcksekokulu\u2019nda (MYO), &#8220;Hz. Peygamber ve \u015eahsiyet \u0130n\u015fas\u0131&#8221; ba\u015fl\u0131kl\u0131 konferans ger\u00e7ekle\u015ftirildi.<br \/>\n<br \/>Emet Meslek Y\u00fcksekokulu Konferans Salonu\u2019nda d\u00fczenlenen programa, MYO M\u00fcd\u00fcr Yard\u0131mc\u0131s\u0131 \u00d6\u011fr. G\u00f6r. Dr. Zeliha Erol Saylan, Emet \u0130l\u00e7e M\u00fcft\u00fcs\u00fc \u0130smail \u00c7\u0131nar, MYO Sekreteri \u00d6mer B\u00fcy\u00fck, Vaiz \u0130smail Hakk\u0131 G\u00fcl, Manevi Dan\u0131\u015fman Ferhat Y\u0131ld\u0131r\u0131m ile akademik ve idari personel ve \u00e7ok say\u0131da \u00f6\u011frenci kat\u0131ld\u0131.<br \/>\n<br \/>Yo\u011fun kat\u0131l\u0131mla d\u00fczenlenen program, A\u015fr-\u0131 \u015eerif tilavetiyle ba\u015flad\u0131. Konferansta, Hz. Peygamber\u2019in (Sallallah\u00fc teala aleyh ve sellem) \u00f6rnek \u015fahsiyeti ve ahlaki duru\u015funun birey ve toplum \u00fczerindeki etkileri ele al\u0131nd\u0131. K\u00fctahya \u0130l M\u00fcft\u00fcs\u00fc \u0130rfan A\u00e7\u0131k, konu\u015fmas\u0131nda gen\u00e7lerin \u015fahsiyet in\u015fas\u0131nda Hz. Peygamber\u2019in (Sallallah\u00fc teala aleyh ve sellem) hayat\u0131n\u0131n rehber al\u0131nmas\u0131n\u0131n \u00f6nemine vurgu yapt\u0131.<br \/>\n<br \/>Programda ayr\u0131ca kat\u0131l\u0131mc\u0131lara y\u00f6neltilen sorulara do\u011fru cevap veren \u00f6\u011frenciler, \u00e7e\u015fitli hediyelerle \u00f6d\u00fcllendirildi. Konferans, MYO M\u00fcd\u00fcr Yard\u0131mc\u0131s\u0131 \u00d6\u011fr. G\u00f6r. Dr. Zeliha Erol Saylan\u2019\u0131n, \u0130l M\u00fcft\u00fcs\u00fc \u0130rfan A\u00e7\u0131k\u2019a ve Manevi Dan\u0131\u015fman Ferhat Y\u0131ld\u0131r\u0131m\u2019a te\u015fekk\u00fcr belgelerini takdim etmesiyle sona erdi.<br \/><\/p>\n","protected":false},"excerpt":{"rendered":"<p>K\u00fctahya Dumlup\u0131nar \u00dcniversitesi (DP\u00dc) Emet Meslek Y\u00fcksekokulu\u2019nda (MYO), &#8220;Hz. Peygamber ve \u015eahsiyet \u0130n\u015fas\u0131&#8221; ba\u015fl\u0131kl\u0131 konferans ger\u00e7ekle\u015ftirildi. Emet Meslek Y\u00fcksekokulu Konferans Salonu\u2019nda d\u00fczenlenen programa, MYO M\u00fcd\u00fcr Yard\u0131mc\u0131s\u0131 \u00d6\u011fr. G\u00f6r. Dr. Zeliha Erol Saylan, Emet \u0130l\u00e7e M\u00fcft\u00fcs\u00fc \u0130smail \u00c7\u0131nar, MYO Sekreteri \u00d6mer B\u00fcy\u00fck, Vaiz \u0130smail Hakk\u0131 G\u00fcl, Manevi Dan\u0131\u015fman Ferhat Y\u0131ld\u0131r\u0131m ile akademik ve idari personel ve&#8230;<\/p>\n","protected":false},"author":1,"featured_media":74771,"comment_status":"open","ping_status":"open","sticky":false,"template":"","format":"standard","meta":{"_crdt_document":"","footnotes":""},"categories":[1],"tags":[],"class_list":["post-74770","post","type-post","status-publish","format-standard","has-post-thumbnail","hentry","category-guncel"],"_links":{"self":[{"href":"https:\/\/www.egemtv.com\/index.php?rest_route=\/wp\/v2\/posts\/74770","targetHints":{"allow":["GET"]}}],"collection":[{"href":"https:\/\/www.egemtv.com\/index.php?rest_route=\/wp\/v2\/posts"}],"about":[{"href":"https:\/\/www.egemtv.com\/index.php?rest_route=\/wp\/v2\/types\/post"}],"author":[{"embeddable":true,"href":"https:\/\/www.egemtv.com\/index.php?rest_route=\/wp\/v2\/users\/1"}],"replies":[{"embeddable":true,"href":"https:\/\/www.egemtv.com\/index.php?rest_route=%2Fwp%2Fv2%2Fcomments&post=74770"}],"version-history":[{"count":1,"href":"https:\/\/www.egemtv.com\/index.php?rest_route=\/wp\/v2\/posts\/74770\/revisions"}],"predecessor-version":[{"id":74772,"href":"https:\/\/www.egemtv.com\/index.php?rest_route=\/wp\/v2\/posts\/74770\/revisions\/74772"}],"wp:featuredmedia":[{"embeddable":true,"href":"https:\/\/www.egemtv.com\/index.php?rest_route=\/wp\/v2\/media\/74771"}],"wp:attachment":[{"href":"https:\/\/www.egemtv.com\/index.php?rest_route=%2Fwp%2Fv2%2Fmedia&parent=74770"}],"wp:term":[{"taxonomy":"category","embeddable":true,"href":"https:\/\/www.egemtv.com\/index.php?rest_route=%2Fwp%2Fv2%2Fcategories&post=74770"},{"taxonomy":"post_tag","embeddable":true,"href":"https:\/\/www.egemtv.com\/index.php?rest_route=%2Fwp%2Fv2%2Ftags&post=74770"}],"curies":[{"name":"wp","href":"https:\/\/api.w.org\/{rel}","templated":true}]}}