{"id":74764,"date":"2025-12-17T14:34:56","date_gmt":"2025-12-17T11:34:56","guid":{"rendered":"https:\/\/www.egemtv.com\/?p=74764"},"modified":"2025-12-17T14:34:57","modified_gmt":"2025-12-17T11:34:57","slug":"marmariste-meydan-projesi-tartismasi-buyuyor","status":"publish","type":"post","link":"https:\/\/www.egemtv.com\/?p=74764","title":{"rendered":"Marmaris\u2019te &#8220;Meydan Projesi&#8221; tart\u0131\u015fmas\u0131 b\u00fcy\u00fcyor:"},"content":{"rendered":"<p>Mu\u011fla\u2019n\u0131n Marmaris il\u00e7esinde Belediye Ba\u015fkan\u0131 Acar \u00dcnl\u00fc\u2019n\u00fcn marina b\u00f6lgesinde hayata ge\u00e7irmek istedi\u011fi yeni kent meydan\u0131 projesi, b\u00f6lgede faaliyet g\u00f6steren esnaf, taksici esnaf\u0131 ve vatanda\u015flar\u0131n tepkisine neden oldu. Projenin kamu yarar\u0131 ta\u015f\u0131mad\u0131\u011f\u0131n\u0131 iddia eden esnaflar burada esas amac\u0131n Marmaris Belediye Ba\u015fkan\u0131 Acar \u00dcnl\u00fc\u2019n\u00fcn kendi ta\u015f\u0131nmaz\u0131n\u0131n de\u011ferini artt\u0131rmay\u0131 hedefledi\u011fini ileri s\u00fcrd\u00fc.<br \/>\n<br \/>B\u00f6lge sakinleri ve taksi esnaf\u0131, s\u00f6z konusu projenin uygulanmas\u0131 halinde hem trafi\u011fin tek giri\u015f noktas\u0131n\u0131n kapanaca\u011f\u0131n\u0131 hem de g\u00fcnl\u00fck i\u015fleyi\u015fin ciddi bi\u00e7imde aksat\u0131laca\u011f\u0131n\u0131 belirtti. Proje kapsam\u0131ndaki yayala\u015ft\u0131rma karar\u0131n\u0131n; \u00e7ar\u015f\u0131 karakolu, banka, kaymakaml\u0131k binas\u0131, \u00fc\u00e7 farkl\u0131 taksi dura\u011f\u0131, Marmaris Liman Ba\u015fkanl\u0131\u011f\u0131, g\u00fcnl\u00fck tur tekneleri, eczane ve turizm ofisi gibi kritik kurum ve i\u015fletmelere eri\u015fimin ciddi \u015fekilde zorla\u015faca\u011f\u0131n\u0131 belirttiler.<br \/>\n<br \/>Proje yap\u0131lmak istenen b\u00f6lgede halihaz\u0131rda Atat\u00fcrk Meydan\u0131 ve 19 May\u0131s Gen\u00e7lik Meydan\u0131\u2019n\u0131n bulundu\u011funu, \u00fc\u00e7\u00fcnc\u00fc bir meydan in\u015fa edilmesinin gerekli olmad\u0131\u011f\u0131 g\u00f6r\u00fc\u015f\u00fcn\u00fc savunan vatanda\u015flar, yayala\u015ft\u0131rman\u0131n \u00f6zellikle ya\u015fl\u0131, hasta ve engelli vatanda\u015flar i\u00e7in eri\u015filebilirlik sorunlar\u0131 olu\u015fturaca\u011f\u0131n\u0131 savundular.<br \/>\n<br \/>&#8220;Kamu kaynaklar\u0131 ki\u015fisel de\u011fer art\u0131\u015f\u0131na m\u0131 y\u00f6nlendiriliyor?&#8221;<br \/>\n<br \/>Belediye Ba\u015fkan\u0131 Acar \u00dcnl\u00fc\u2019n\u00fcn bu proje ile marina b\u00f6lgesindeki kendisine ait ta\u015f\u0131nmazlar\u0131n de\u011fer art\u0131\u015f\u0131 sa\u011flamay\u0131 hedefledi\u011fini ileri s\u00fcren baz\u0131 vatanda\u015flar , bu proje ad\u0131 alt\u0131nda kamu kaynaklar\u0131n\u0131n k\u00f6t\u00fcye kullan\u0131ld\u0131\u011f\u0131 iddias\u0131nda bulundular.<br \/>\n<br \/>Konuyla ilgili konu\u015fan herkesin belediye ba\u015fkan\u0131 taraf\u0131ndan hedef al\u0131n\u0131p zarara u\u011frat\u0131ld\u0131\u011f\u0131n\u0131 da ileri s\u00fcren vatanda\u015flar, ya\u015fad\u0131klar\u0131 bu durum nedeniyle 19 Aral\u0131k Cuma g\u00fcn\u00fc meydanda toplu olarak bas\u0131n a\u00e7\u0131klamas\u0131 yapacaklar\u0131n\u0131 belirttiler.<br \/><\/p>\n","protected":false},"excerpt":{"rendered":"<p>Mu\u011fla\u2019n\u0131n Marmaris il\u00e7esinde Belediye Ba\u015fkan\u0131 Acar \u00dcnl\u00fc\u2019n\u00fcn marina b\u00f6lgesinde hayata ge\u00e7irmek istedi\u011fi yeni kent meydan\u0131 projesi, b\u00f6lgede faaliyet g\u00f6steren esnaf, taksici esnaf\u0131 ve vatanda\u015flar\u0131n tepkisine neden oldu. Projenin kamu yarar\u0131 ta\u015f\u0131mad\u0131\u011f\u0131n\u0131 iddia eden esnaflar burada esas amac\u0131n Marmaris Belediye Ba\u015fkan\u0131 Acar \u00dcnl\u00fc\u2019n\u00fcn kendi ta\u015f\u0131nmaz\u0131n\u0131n de\u011ferini artt\u0131rmay\u0131 hedefledi\u011fini ileri s\u00fcrd\u00fc. B\u00f6lge sakinleri ve taksi esnaf\u0131, s\u00f6z&#8230;<\/p>\n","protected":false},"author":1,"featured_media":74765,"comment_status":"open","ping_status":"open","sticky":false,"template":"","format":"standard","meta":{"_crdt_document":"","footnotes":""},"categories":[1],"tags":[],"class_list":["post-74764","post","type-post","status-publish","format-standard","has-post-thumbnail","hentry","category-guncel"],"_links":{"self":[{"href":"https:\/\/www.egemtv.com\/index.php?rest_route=\/wp\/v2\/posts\/74764","targetHints":{"allow":["GET"]}}],"collection":[{"href":"https:\/\/www.egemtv.com\/index.php?rest_route=\/wp\/v2\/posts"}],"about":[{"href":"https:\/\/www.egemtv.com\/index.php?rest_route=\/wp\/v2\/types\/post"}],"author":[{"embeddable":true,"href":"https:\/\/www.egemtv.com\/index.php?rest_route=\/wp\/v2\/users\/1"}],"replies":[{"embeddable":true,"href":"https:\/\/www.egemtv.com\/index.php?rest_route=%2Fwp%2Fv2%2Fcomments&post=74764"}],"version-history":[{"count":1,"href":"https:\/\/www.egemtv.com\/index.php?rest_route=\/wp\/v2\/posts\/74764\/revisions"}],"predecessor-version":[{"id":74766,"href":"https:\/\/www.egemtv.com\/index.php?rest_route=\/wp\/v2\/posts\/74764\/revisions\/74766"}],"wp:featuredmedia":[{"embeddable":true,"href":"https:\/\/www.egemtv.com\/index.php?rest_route=\/wp\/v2\/media\/74765"}],"wp:attachment":[{"href":"https:\/\/www.egemtv.com\/index.php?rest_route=%2Fwp%2Fv2%2Fmedia&parent=74764"}],"wp:term":[{"taxonomy":"category","embeddable":true,"href":"https:\/\/www.egemtv.com\/index.php?rest_route=%2Fwp%2Fv2%2Fcategories&post=74764"},{"taxonomy":"post_tag","embeddable":true,"href":"https:\/\/www.egemtv.com\/index.php?rest_route=%2Fwp%2Fv2%2Ftags&post=74764"}],"curies":[{"name":"wp","href":"https:\/\/api.w.org\/{rel}","templated":true}]}}