{"id":74761,"date":"2025-12-17T14:34:55","date_gmt":"2025-12-17T11:34:55","guid":{"rendered":"https:\/\/www.egemtv.com\/?p=74761"},"modified":"2025-12-17T14:34:56","modified_gmt":"2025-12-17T11:34:56","slug":"kafa-kafaya-carpisan-araclar-cikan-yanginda-kule-dondu","status":"publish","type":"post","link":"https:\/\/www.egemtv.com\/?p=74761","title":{"rendered":"Kafa kafaya \u00e7arp\u0131\u015fan ara\u00e7lar \u00e7\u0131kan yang\u0131nda k\u00fcle d\u00f6nd\u00fc"},"content":{"rendered":"<p>Ayd\u0131n\u2019\u0131n K\u00f6\u015fk il\u00e7esinde iki arac\u0131n \u00e7arp\u0131\u015fmas\u0131 sonucu meydana gelen kazada 2 ki\u015fi yaralan\u0131rken, \u00e7\u0131kan yang\u0131nda ise ara\u00e7lar k\u00fcle d\u00f6nd\u00fc.<br \/>\n<br \/>Kaza, K\u00f6\u015fk il\u00e7esi Uzundere Mahallesi\u2019nde meydana geldi. Edinilen bilgiye g\u00f6re M.A. idaresindeki 09 YM 985 plakal\u0131 otomobil ile kar\u015f\u0131 \u015feritten gelen M.K. idaresindeki 09 Y 2919 plakal\u0131 minib\u00fcs \u00e7arp\u0131\u015ft\u0131. \u00c7arp\u0131\u015fman\u0131n etkisiyle savrulan iki ara\u00e7ta yang\u0131n \u00e7\u0131karken, kazada 2 ki\u015fi yaraland\u0131. Kazay\u0131 g\u00f6renler durumu 112 Acil \u00c7a\u011fr\u0131 Merkezi\u2019ne bildirdi. \u0130hbar \u00fczerine b\u00f6lgeye itfaiye, jandarma ve sa\u011fl\u0131k ekipleri sevk edildi. K\u0131sa s\u00fcrede b\u00f6lgeye gelen itfaiye ekipleri, yang\u0131n\u0131 s\u00f6nd\u00fcr\u00fcrken, ara\u00e7lar kullan\u0131lamaz hale geldi. Sa\u011fl\u0131k ekiplerince ilk m\u00fcdahaleleri yap\u0131lan yaral\u0131lar ise ambulansla hastaneye kald\u0131r\u0131ld\u0131. Yaral\u0131lar\u0131n hayati tehlikelerinin bulunmad\u0131\u011f\u0131 \u00f6\u011frenilirken, kaza ile ilgili inceleme ba\u015flat\u0131ld\u0131.<br \/><\/p>\n","protected":false},"excerpt":{"rendered":"<p>Ayd\u0131n\u2019\u0131n K\u00f6\u015fk il\u00e7esinde iki arac\u0131n \u00e7arp\u0131\u015fmas\u0131 sonucu meydana gelen kazada 2 ki\u015fi yaralan\u0131rken, \u00e7\u0131kan yang\u0131nda ise ara\u00e7lar k\u00fcle d\u00f6nd\u00fc. Kaza, K\u00f6\u015fk il\u00e7esi Uzundere Mahallesi\u2019nde meydana geldi. Edinilen bilgiye g\u00f6re M.A. idaresindeki 09 YM 985 plakal\u0131 otomobil ile kar\u015f\u0131 \u015feritten gelen M.K. idaresindeki 09 Y 2919 plakal\u0131 minib\u00fcs \u00e7arp\u0131\u015ft\u0131. \u00c7arp\u0131\u015fman\u0131n etkisiyle savrulan iki ara\u00e7ta yang\u0131n \u00e7\u0131karken,&#8230;<\/p>\n","protected":false},"author":1,"featured_media":74762,"comment_status":"open","ping_status":"open","sticky":false,"template":"","format":"standard","meta":{"_crdt_document":"","footnotes":""},"categories":[5],"tags":[],"class_list":["post-74761","post","type-post","status-publish","format-standard","has-post-thumbnail","hentry","category-asayis"],"_links":{"self":[{"href":"https:\/\/www.egemtv.com\/index.php?rest_route=\/wp\/v2\/posts\/74761","targetHints":{"allow":["GET"]}}],"collection":[{"href":"https:\/\/www.egemtv.com\/index.php?rest_route=\/wp\/v2\/posts"}],"about":[{"href":"https:\/\/www.egemtv.com\/index.php?rest_route=\/wp\/v2\/types\/post"}],"author":[{"embeddable":true,"href":"https:\/\/www.egemtv.com\/index.php?rest_route=\/wp\/v2\/users\/1"}],"replies":[{"embeddable":true,"href":"https:\/\/www.egemtv.com\/index.php?rest_route=%2Fwp%2Fv2%2Fcomments&post=74761"}],"version-history":[{"count":1,"href":"https:\/\/www.egemtv.com\/index.php?rest_route=\/wp\/v2\/posts\/74761\/revisions"}],"predecessor-version":[{"id":74763,"href":"https:\/\/www.egemtv.com\/index.php?rest_route=\/wp\/v2\/posts\/74761\/revisions\/74763"}],"wp:featuredmedia":[{"embeddable":true,"href":"https:\/\/www.egemtv.com\/index.php?rest_route=\/wp\/v2\/media\/74762"}],"wp:attachment":[{"href":"https:\/\/www.egemtv.com\/index.php?rest_route=%2Fwp%2Fv2%2Fmedia&parent=74761"}],"wp:term":[{"taxonomy":"category","embeddable":true,"href":"https:\/\/www.egemtv.com\/index.php?rest_route=%2Fwp%2Fv2%2Fcategories&post=74761"},{"taxonomy":"post_tag","embeddable":true,"href":"https:\/\/www.egemtv.com\/index.php?rest_route=%2Fwp%2Fv2%2Ftags&post=74761"}],"curies":[{"name":"wp","href":"https:\/\/api.w.org\/{rel}","templated":true}]}}