{"id":74758,"date":"2025-12-17T14:34:55","date_gmt":"2025-12-17T11:34:55","guid":{"rendered":"https:\/\/www.egemtv.com\/?p=74758"},"modified":"2025-12-17T14:34:55","modified_gmt":"2025-12-17T11:34:55","slug":"okul-sporlari-basketbolda-manisa-sampiyonlari-belli-oldu","status":"publish","type":"post","link":"https:\/\/www.egemtv.com\/?p=74758","title":{"rendered":"Okul Sporlar\u0131 basketbolda Manisa \u015fampiyonlar\u0131 belli oldu"},"content":{"rendered":"<p>Manisa Gen\u00e7lik ve Spor \u0130l M\u00fcd\u00fcrl\u00fc\u011f\u00fc koordinesinde d\u00fczenlenen 2025-2026 Sezonu Okul Sporlar\u0131 Basketbol Gen\u00e7ler A K\u0131zlar ve Erkekler \u0130l Birincili\u011fi M\u00fcsabakalar\u0131, oynanan final kar\u015f\u0131la\u015fmalar\u0131yla tamamland\u0131. B\u00fcy\u00fck bir heyecana ve rekabete sahne olan organizasyonda gen\u00e7 sporcular, il birincili\u011fi i\u00e7in parkede \u00fcst\u00fcn performans ortaya koydu.<br \/>\n<br \/>Gen\u00e7 K\u0131zlar kategorisinde oynanan final m\u00fcsabakas\u0131nda Ahmetli Anadolu Lisesi, Manisa Lisesi\u2019ni 84-33 ma\u011flup ederek il birincisi oldu. Manisa Lisesi turnuvay\u0131 ikinci s\u0131rada tamamlarken, Hasan T\u00fcrek Anadolu Lisesi \u00fc\u00e7\u00fcnc\u00fc, \u00d6zel Bah\u00e7e\u015fehir Anadolu Lisesi ise d\u00f6rd\u00fcnc\u00fc oldu.<br \/>\n<br \/>Gen\u00e7 Erkekler kategorisinde ise final kar\u015f\u0131la\u015fmas\u0131nda \u00d6zel Elit Ege Koleji Anadolu Lisesi ile Manisa Organize Sanayi B\u00f6lgesi Mesleki ve Teknik Anadolu Lisesi kar\u015f\u0131 kar\u015f\u0131ya geldi. Kar\u015f\u0131la\u015fmay\u0131 103-37\u2019lik skorla kazanan \u00d6zel Elit Ege Koleji Anadolu Lisesi \u015fampiyonlu\u011fa ula\u015ft\u0131. Manisa Organize Sanayi B\u00f6lgesi Mesleki ve Teknik Anadolu Lisesi ikinci olurken, Salihli Anadolu Lisesi \u00fc\u00e7\u00fcnc\u00fc, \u015eehzadeler Gediz Anadolu Lisesi d\u00f6rd\u00fcnc\u00fc s\u0131rada yer ald\u0131.<br \/>\n<br \/>\u0130l birincisi olan tak\u0131mlar, Manisa\u2019y\u0131 b\u00f6lge \u015fampiyonas\u0131nda temsil etme hakk\u0131 elde etti. M\u00fcsabakalar\u0131n ard\u0131ndan dereceye giren tak\u0131mlara kupa ve madalyalar\u0131; \u015eehzadeler Gen\u00e7lik ve Spor \u0130l\u00e7e M\u00fcd\u00fcr\u00fc Erhan \u00d6zel, Okul Sporlar\u0131 \u015eube M\u00fcd\u00fcr\u00fc Fatih Umut Alt\u0131n\u0131\u015f\u0131k, Elit Ege Koleji Okul M\u00fcd\u00fcr\u00fc B\u00fclent Tonoz ve Okul Sporlar\u0131 \u0130l Tertip Komitesi \u00fcyeleri taraf\u0131ndan takdim edildi.<br \/><\/p>\n","protected":false},"excerpt":{"rendered":"<p>Manisa Gen\u00e7lik ve Spor \u0130l M\u00fcd\u00fcrl\u00fc\u011f\u00fc koordinesinde d\u00fczenlenen 2025-2026 Sezonu Okul Sporlar\u0131 Basketbol Gen\u00e7ler A K\u0131zlar ve Erkekler \u0130l Birincili\u011fi M\u00fcsabakalar\u0131, oynanan final kar\u015f\u0131la\u015fmalar\u0131yla tamamland\u0131. B\u00fcy\u00fck bir heyecana ve rekabete sahne olan organizasyonda gen\u00e7 sporcular, il birincili\u011fi i\u00e7in parkede \u00fcst\u00fcn performans ortaya koydu. Gen\u00e7 K\u0131zlar kategorisinde oynanan final m\u00fcsabakas\u0131nda Ahmetli Anadolu Lisesi, Manisa Lisesi\u2019ni 84-33&#8230;<\/p>\n","protected":false},"author":1,"featured_media":74759,"comment_status":"open","ping_status":"open","sticky":false,"template":"","format":"standard","meta":{"_crdt_document":"","footnotes":""},"categories":[4],"tags":[],"class_list":["post-74758","post","type-post","status-publish","format-standard","has-post-thumbnail","hentry","category-spor"],"_links":{"self":[{"href":"https:\/\/www.egemtv.com\/index.php?rest_route=\/wp\/v2\/posts\/74758","targetHints":{"allow":["GET"]}}],"collection":[{"href":"https:\/\/www.egemtv.com\/index.php?rest_route=\/wp\/v2\/posts"}],"about":[{"href":"https:\/\/www.egemtv.com\/index.php?rest_route=\/wp\/v2\/types\/post"}],"author":[{"embeddable":true,"href":"https:\/\/www.egemtv.com\/index.php?rest_route=\/wp\/v2\/users\/1"}],"replies":[{"embeddable":true,"href":"https:\/\/www.egemtv.com\/index.php?rest_route=%2Fwp%2Fv2%2Fcomments&post=74758"}],"version-history":[{"count":1,"href":"https:\/\/www.egemtv.com\/index.php?rest_route=\/wp\/v2\/posts\/74758\/revisions"}],"predecessor-version":[{"id":74760,"href":"https:\/\/www.egemtv.com\/index.php?rest_route=\/wp\/v2\/posts\/74758\/revisions\/74760"}],"wp:featuredmedia":[{"embeddable":true,"href":"https:\/\/www.egemtv.com\/index.php?rest_route=\/wp\/v2\/media\/74759"}],"wp:attachment":[{"href":"https:\/\/www.egemtv.com\/index.php?rest_route=%2Fwp%2Fv2%2Fmedia&parent=74758"}],"wp:term":[{"taxonomy":"category","embeddable":true,"href":"https:\/\/www.egemtv.com\/index.php?rest_route=%2Fwp%2Fv2%2Fcategories&post=74758"},{"taxonomy":"post_tag","embeddable":true,"href":"https:\/\/www.egemtv.com\/index.php?rest_route=%2Fwp%2Fv2%2Ftags&post=74758"}],"curies":[{"name":"wp","href":"https:\/\/api.w.org\/{rel}","templated":true}]}}