{"id":74755,"date":"2025-12-17T14:34:54","date_gmt":"2025-12-17T11:34:54","guid":{"rendered":"https:\/\/www.egemtv.com\/?p=74755"},"modified":"2025-12-17T14:34:54","modified_gmt":"2025-12-17T11:34:54","slug":"ana-sinifi-ogrencileri-bankada-tasarrufla-tanisti","status":"publish","type":"post","link":"https:\/\/www.egemtv.com\/?p=74755","title":{"rendered":"Ana s\u0131n\u0131f\u0131 \u00f6\u011frencileri bankada tasarrufla tan\u0131\u015ft\u0131"},"content":{"rendered":"<p>Manisa\u2019n\u0131n Sar\u0131g\u00f6l il\u00e7esinde ana s\u0131n\u0131f\u0131 \u00f6\u011frencileri, &#8220;Tutum, Yat\u0131r\u0131m ve T\u00fcrk Mallar\u0131 Haftas\u0131&#8221; kapsam\u0131nda tasarruf bilinci kazand\u0131.<br \/>\n<br \/>Sar\u0131g\u00f6l \u015eehit Esin Akay \u0130lkokulu ana s\u0131n\u0131f\u0131 \u00f6\u011frencileri, \u00f6\u011fretmenleri Ay\u015fe \u00c7ak\u0131r Uslu ve okul y\u00f6netimiyle birlikte il\u00e7ede bulunan bir devlet bankas\u0131n\u0131 ziyaret etti. Ziyarette banka \u00e7al\u0131\u015fanlar\u0131 taraf\u0131ndan \u00f6\u011frencilere yat\u0131r\u0131m ve tasarrufun \u00f6nemi anlat\u0131ld\u0131. Etkinlik sonunda banka yetkililerince \u00e7ocuklara kumbara hediye edildi.<br \/>\n<br \/>Kumbaralar\u0131n\u0131 alan minik \u00f6\u011frenciler, tasarruf yaparak kumbaralar\u0131n\u0131 doldurmaya s\u00f6z verdi.<br \/>\n<br \/>\u00d6te yandan Sar\u0131g\u00f6l H\u00fcseyin-Sermin T\u00fcfek\u00e7i Anaokulu \u00f6\u011frencisi Ova K\u0131r\u2019\u0131n, Yerli Mal\u0131 Haftas\u0131 kapsam\u0131nda haz\u0131rlad\u0131\u011f\u0131 yerli \u00fcr\u00fcnlerin tan\u0131t\u0131ld\u0131\u011f\u0131 sepet de b\u00fcy\u00fck ilgi g\u00f6rd\u00fc. Haz\u0131rlanan hediye sepeti ilgili yere takdim edildi.<br \/><\/p>\n","protected":false},"excerpt":{"rendered":"<p>Manisa\u2019n\u0131n Sar\u0131g\u00f6l il\u00e7esinde ana s\u0131n\u0131f\u0131 \u00f6\u011frencileri, &#8220;Tutum, Yat\u0131r\u0131m ve T\u00fcrk Mallar\u0131 Haftas\u0131&#8221; kapsam\u0131nda tasarruf bilinci kazand\u0131. Sar\u0131g\u00f6l \u015eehit Esin Akay \u0130lkokulu ana s\u0131n\u0131f\u0131 \u00f6\u011frencileri, \u00f6\u011fretmenleri Ay\u015fe \u00c7ak\u0131r Uslu ve okul y\u00f6netimiyle birlikte il\u00e7ede bulunan bir devlet bankas\u0131n\u0131 ziyaret etti. Ziyarette banka \u00e7al\u0131\u015fanlar\u0131 taraf\u0131ndan \u00f6\u011frencilere yat\u0131r\u0131m ve tasarrufun \u00f6nemi anlat\u0131ld\u0131. Etkinlik sonunda banka yetkililerince \u00e7ocuklara kumbara&#8230;<\/p>\n","protected":false},"author":1,"featured_media":74756,"comment_status":"open","ping_status":"open","sticky":false,"template":"","format":"standard","meta":{"_crdt_document":"","footnotes":""},"categories":[1],"tags":[],"class_list":["post-74755","post","type-post","status-publish","format-standard","has-post-thumbnail","hentry","category-guncel"],"_links":{"self":[{"href":"https:\/\/www.egemtv.com\/index.php?rest_route=\/wp\/v2\/posts\/74755","targetHints":{"allow":["GET"]}}],"collection":[{"href":"https:\/\/www.egemtv.com\/index.php?rest_route=\/wp\/v2\/posts"}],"about":[{"href":"https:\/\/www.egemtv.com\/index.php?rest_route=\/wp\/v2\/types\/post"}],"author":[{"embeddable":true,"href":"https:\/\/www.egemtv.com\/index.php?rest_route=\/wp\/v2\/users\/1"}],"replies":[{"embeddable":true,"href":"https:\/\/www.egemtv.com\/index.php?rest_route=%2Fwp%2Fv2%2Fcomments&post=74755"}],"version-history":[{"count":1,"href":"https:\/\/www.egemtv.com\/index.php?rest_route=\/wp\/v2\/posts\/74755\/revisions"}],"predecessor-version":[{"id":74757,"href":"https:\/\/www.egemtv.com\/index.php?rest_route=\/wp\/v2\/posts\/74755\/revisions\/74757"}],"wp:featuredmedia":[{"embeddable":true,"href":"https:\/\/www.egemtv.com\/index.php?rest_route=\/wp\/v2\/media\/74756"}],"wp:attachment":[{"href":"https:\/\/www.egemtv.com\/index.php?rest_route=%2Fwp%2Fv2%2Fmedia&parent=74755"}],"wp:term":[{"taxonomy":"category","embeddable":true,"href":"https:\/\/www.egemtv.com\/index.php?rest_route=%2Fwp%2Fv2%2Fcategories&post=74755"},{"taxonomy":"post_tag","embeddable":true,"href":"https:\/\/www.egemtv.com\/index.php?rest_route=%2Fwp%2Fv2%2Ftags&post=74755"}],"curies":[{"name":"wp","href":"https:\/\/api.w.org\/{rel}","templated":true}]}}