{"id":74752,"date":"2025-12-17T14:34:52","date_gmt":"2025-12-17T11:34:52","guid":{"rendered":"https:\/\/www.egemtv.com\/?p=74752"},"modified":"2025-12-17T14:34:53","modified_gmt":"2025-12-17T11:34:53","slug":"baskan-kunkcuden-turmoba-tepki","status":"publish","type":"post","link":"https:\/\/www.egemtv.com\/?p=74752","title":{"rendered":"Ba\u015fkan K\u00fcnkc\u00fc\u2019den T\u00dcRMOB\u2019a tepki"},"content":{"rendered":"<p>Ayd\u0131n Esnaf Odalar\u0131 Birli\u011fi (AYESOB) Ba\u015fkan\u0131 Muhammet Ali K\u00fcnkc\u00fc, 586 say\u0131l\u0131 Vergi Usul Kanunu Genel Tebli\u011fi \u00fczerinden T\u00dcRMOB\u2019un esnaf ve sanatkar odalar\u0131n\u0131 hedef alan a\u00e7\u0131klamalar\u0131n\u0131n a\u00e7\u0131k bir itibars\u0131zla\u015ft\u0131rma giri\u015fimi oldu\u011funu belirterek tepki g\u00f6sterdi. Esnaf ve sanatkar odalar\u0131 olarak, esnaf\u0131, meslek mensuplar\u0131n\u0131 ve meslek kurulu\u015flar\u0131n\u0131 kar\u015f\u0131 kar\u015f\u0131ya getirmeye \u00e7al\u0131\u015fan anlay\u0131\u015f\u0131 reddettiklerini vurgulayan K\u00fcnkc\u00fc, t\u00fcm taraflar\u0131 sa\u011fduyuya, uzla\u015f\u0131ya ve ortak akla davet etti.<\/p>\n<p>Ayd\u0131n\u2019da 52 bin esnaf\u0131n ba\u011fl\u0131 bulundu\u011fu 82 odan\u0131n \u00e7at\u0131 kurulu\u015fu olan Ayd\u0131n Esnaf ve Sanatkarlar Odalar\u0131 Birli\u011fi (AYESOB), 586 say\u0131l\u0131 Vergi Usul Kanunu Genel Tebli\u011fi\u2019ne eklenen ge\u00e7ici madde kapsam\u0131nda bilgilendirme toplant\u0131s\u0131 d\u00fczenledi. AYESOB Salonu\u2019nda d\u00fczenlenen toplant\u0131ya AYESOB Ba\u015fkanvekilleri Y\u00fcksel Sabanc\u0131 ve Salih Kozal\u0131 ile oda ba\u015fkanlar\u0131 ve odalar\u0131n genel sekreterleri kat\u0131ld\u0131. Toplant\u0131da konu\u015fan AYESOB Ba\u015fkan\u0131 Muhammet Ali K\u00fcnkc\u00fc, T\u00fcrkiye Serbest Muhasebeci Mali M\u00fc\u015favirler ve Yeminli Mali M\u00fc\u015favirler Odalar\u0131 Birli\u011fi\u2019nin (T\u00dcRMOB) esnaf ve sanatkar odalar\u0131na y\u00f6nelik a\u00e7\u0131klamalar\u0131na sert tepki g\u00f6sterdi.<\/p>\n<p>&#8220;T\u00dcRMOB haddini a\u015fm\u0131\u015f&#8221;<br \/>\n<br \/>Toplant\u0131n\u0131n a\u00e7\u0131l\u0131\u015f konu\u015fmas\u0131n\u0131 yapan Ba\u015fkan K\u00fcnkc\u00fc, &#8220;T\u00fcrkiye Serbest Muhasebeci Mali M\u00fc\u015favirler ve Yeminli Mali M\u00fc\u015favirler Odalar\u0131 Birli\u011fi (T\u00dcRMOB) taraf\u0131ndan, 586 say\u0131l\u0131 Vergi Usul Kanunu Genel Tebli\u011fi gerek\u00e7e g\u00f6sterilerek esnaf ve sanatkar odalar\u0131n\u0131 hedef alan a\u00e7\u0131klamalar, haddini a\u015fm\u0131\u015f, meslek s\u0131n\u0131rlar\u0131n\u0131 zorlayan ve kamuoyunu yan\u0131ltan bir boyuta ula\u015fm\u0131\u015ft\u0131r. Esnaf odalar\u0131n\u0131 yetersizlik, denetimsizlik, sorumsuzluk hatta \u2019hi\u00e7bir teknik bilgisi olmayan ve oy kayg\u0131s\u0131yla hareket eden yap\u0131lar\u2019 olarak g\u00f6stermeye \u00e7al\u0131\u015fan bu yakla\u015f\u0131m\u0131 kesin bir dille reddediyoruz&#8221; dedi.<\/p>\n<p>&#8220;26 y\u0131ld\u0131r bu g\u00f6revi yap\u0131yoruz&#8221;<br \/>\n<br \/>Esnaf ve sanatkar odalar\u0131n\u0131n keyfi yap\u0131lar de\u011fil, 5362 say\u0131l\u0131 Kanun ile kurulmu\u015f, kamu kurumu niteli\u011finde meslek kurulu\u015flar\u0131 oldu\u011funa vurgu yapan K\u00fcnkc\u00fc; &#8220;Bug\u00fcne kadar y\u00fcz binlerce esnaf\u0131n kay\u0131t alt\u0131na al\u0131nmas\u0131nda, belge d\u00fczeninin yerle\u015fmesinde ve kamu ile esnaf aras\u0131nda k\u00f6pr\u00fc kurulmas\u0131nda hayati g\u00f6revler \u00fcstlenmi\u015ftir. Esnaf odalar\u0131n\u0131 \u2019teknik yeterlili\u011fi olmayan yap\u0131lar\u2019 gibi g\u00f6stermek, bilin\u00e7li bir itibars\u0131zla\u015ft\u0131rma ve alg\u0131 olu\u015fturma \u00e7abas\u0131ndan ba\u015fka bir \u015fey de\u011fildir. Bu s\u00f6ylem, meslek kurulu\u015fu ciddiyetiyle ba\u011fda\u015fmamaktad\u0131r. 1999 y\u0131l\u0131nda ba\u015flanan basit usulle vergilendirmeyle ilgili muhasebe kay\u0131tlar\u0131, 26 y\u0131ld\u0131r biz esnaf ve sanatkarlar odalar\u0131 b\u00fcnyesinde tutulmaktad\u0131r. Bug\u00fcne kadar t\u00fcm kanunlara uyumlu olarak odalar\u0131m\u0131zca y\u00fcr\u00fct\u00fclen bu faaliyet hi\u00e7 yokmu\u015f yada yap\u0131lmam\u0131\u015f gibi bug\u00fcn serzeni\u015fte bulunulmas\u0131na anlam veremiyoruz. D\u00fcn esnaf\u0131m\u0131z\u0131n muhasebe i\u015flerini nas\u0131l yap\u0131yorsak bug\u00fcn de ayn\u0131 titizlikle devam edece\u011fiz. Amac\u0131m\u0131z muhasebecilerle rekabet de\u011fil, esnaf\u0131m\u0131za hizmet vermektir&#8221; diye konu\u015ftu.<\/p>\n<p>&#8220;Tebli\u011f, mali m\u00fc\u015favirleri devre d\u0131\u015f\u0131 b\u0131rakmak de\u011fil&#8221;<br \/>\n<br \/>A\u00e7\u0131klamalar\u0131na devam eden K\u00fcnkc\u00fc, &#8220;Muhasebecilerin bug\u00fcn serzeni\u015fte bulundu\u011fu basit usulden deftere ge\u00e7ecek olan esnaflar\u0131n muhasebe kay\u0131tlar\u0131 zaten odalar\u0131m\u0131zda tutulmaktayd\u0131. Muhasebecilerin sanki b\u00fcrolar\u0131ndan m\u00fckellef \u00e7alm\u0131\u015f\u0131z yada gelir kayb\u0131na u\u011fratm\u0131\u015f\u0131z gibi feryat etmelerine anlam veremiyoruz. 586 say\u0131l\u0131 tebli\u011f ile ama\u00e7lanan, mali m\u00fc\u015favirleri devre d\u0131\u015f\u0131 b\u0131rakmak de\u011fil, k\u00fc\u00e7\u00fck sermaye ile ayakta kalmaya \u00e7al\u0131\u015fan esnaf\u0131n ger\u00e7ek usule ge\u00e7i\u015f s\u00fcrecini kolayla\u015ft\u0131rmak, kay\u0131t d\u0131\u015f\u0131l\u0131kla m\u00fccadeleyi g\u00fc\u00e7lendirmek ve esnaf\u0131 a\u011f\u0131r mali y\u00fcklerin alt\u0131nda ezdirmemektir. Ger\u00e7ek usule ge\u00e7i\u015fle birlikte e-fatura, e-defter ve dijital uygulamalar\u0131n zorunlu hale gelmesi, altyap\u0131s\u0131, dijital okuryazarl\u0131\u011f\u0131 ve mevzuat bilgisi s\u0131n\u0131rl\u0131 olan milyonlarca esnaf a\u00e7\u0131s\u0131ndan ciddi uyum sorunlar\u0131 do\u011furacakt\u0131r. Bu ger\u00e7ek g\u00f6rmezden gelinemez&#8221; ifadelerini kulland\u0131.<\/p>\n<p>&#8220;Bu dili kullananlar kendilerini sorgulamal\u0131&#8221;<br \/>\n<br \/>Denetim yetkisinin d\u00fcn oldu\u011fu gibi bug\u00fcn de Vergi \u0130daresi Ba\u015fkanl\u0131\u011f\u0131\u2019na ait oldu\u011funa dikkat \u00e7eken K\u00fcnkc\u00fc; &#8220;Esnaf odalar\u0131 denet\u00e7i de\u011fildir, rehberdir, y\u00f6nlendiricidir, kolayla\u015ft\u0131r\u0131c\u0131d\u0131r. Yetki s\u0131n\u0131rlar\u0131 tebli\u011f ve ilgili mevzuatla a\u00e7\u0131k\u00e7a belirlenmi\u015ftir. Ayr\u0131ca tebli\u011f a\u00e7\u0131k h\u00fck\u00fcm i\u00e7ermektedir. Yap\u0131lacak i\u015flemler, 3568 say\u0131l\u0131 Kanun kapsam\u0131nda yetkilendirilmi\u015f meslek mensuplar\u0131n\u0131n \u00e7al\u0131\u015fmas\u0131 veya g\u00f6zetimi alt\u0131nda y\u00fcr\u00fct\u00fclecektir. Buna ra\u011fmen \u2019ba\u015f\u0131bo\u015fluk, denetimsizlik ve hukuksuzluk\u2019 iddialar\u0131n\u0131n dile getirilmesi, ya mevzuat bilgisizli\u011fini ya da kas\u0131tl\u0131 bir \u00e7arp\u0131tmay\u0131 g\u00f6stermektedir. Esnaf odalar\u0131n\u0131 \u2019oy kayg\u0131s\u0131yla hareket eden yap\u0131lar\u2019 olarak nitelendirmek, iftira niteli\u011finde, a\u011f\u0131r ve kabul edilemez bir su\u00e7lamad\u0131r. Esnaf odalar\u0131, g\u00fcnl\u00fck siyasi hesaplarla de\u011fil, kanun, mevzuat ve kamu yarar\u0131 do\u011frultusunda g\u00f6rev yapan kurumlard\u0131r. Bu dili kullananlar\u0131n, \u00f6nce kendi s\u00f6ylemlerinin ciddiyetini sorgulamas\u0131 gerekmektedir&#8221; diye konu\u015ftu.<\/p>\n<p>&#8220;K\u00fc\u00e7\u00fck esnaf\u0131n s\u0131rt\u0131na bindirilen hi\u00e7 bir maliyet, kamu yarar\u0131 ad\u0131 alt\u0131nda me\u015frula\u015ft\u0131r\u0131lamaz&#8221;<br \/>\n<br \/>Tart\u0131\u015fmalar\u0131n \u00f6z\u00fcnde kamu yarar\u0131 de\u011fil, yetki alan\u0131 ve ekonomik \u00e7\u0131kar endi\u015fesi bulunmakta oldu\u011funun alt\u0131n\u0131 \u00e7izen K\u00fcnkc\u00fc; &#8220;K\u00fc\u00e7\u00fck esnaf\u0131n ya\u015fad\u0131\u011f\u0131 ger\u00e7ek sorunlar\u0131 yok sayarak yap\u0131lan a\u00e7\u0131klamalar\u0131n, vergi adaletiyle ya da kay\u0131t d\u0131\u015f\u0131l\u0131kla m\u00fccadeleyle ilgisi yoktur. Art\u0131k \u015fu sorular\u0131n a\u00e7\u0131k\u00e7a sorulmas\u0131n\u0131n zaman\u0131 gelmi\u015ftir. M\u00fckellef fakirken, muhasebeci zenginle\u015fiyorsa burada bir adaletsizlik yok mudur? Her ay muhasebe \u00fccreti \u00f6deyen, her y\u0131l defter tasdik \u00fccreti vermek zorunda kalan esnaf varken, defter tasdiki ad\u0131 alt\u0131nda, ger\u00e7ek bedelin kat kat \u00fczerinde \u00fccretler hangi gerek\u00e7eyle al\u0131nmaktad\u0131r? Bu uygulamalar bug\u00fcne kadar sorgulanmam\u0131\u015f olabilir ancak bundan sonra sorgulanacakt\u0131r. K\u00fc\u00e7\u00fck esnaf\u0131n s\u0131rt\u0131na bindirilen hi\u00e7bir maliyet, kamu yarar\u0131 ad\u0131 alt\u0131nda me\u015frula\u015ft\u0131r\u0131lamaz. Bir di\u011fer \u00f6nemli konu da \u015fudur. Ki\u015finin avukats\u0131z kendini savunma hakk\u0131 anayasal bir hakken, T\u00dcRMOB\u2019un fiilen zorunlu arac\u0131 haline getirilmesi a\u00e7\u0131k\u00e7a hukuk devleti ilkesiyle \u00e7eli\u015fmektedir. Bu ayr\u0131cal\u0131klar ne zaman, nas\u0131l ve hangi yetkiyle verilmi\u015ftir? Bu sorular da bundan sonra sorgulanacakt\u0131r. Esnaf ve sanatkar odalar\u0131 olarak, bu alanlarda gerekli hukuki ve kurumsal m\u00fccadeleyi kararl\u0131l\u0131kla s\u00fcrd\u00fcrece\u011fimizi ifade ediyoruz&#8221; dedi.<\/p>\n<p>&#8220;Esnaf a\u011f\u0131rba\u015fl\u0131d\u0131r, sab\u0131rl\u0131d\u0131r ancak haks\u0131zl\u0131\u011fa boyun e\u011fmez&#8221;<br \/>\n<br \/>Esnaf\u0131n uysal olmad\u0131\u011f\u0131n\u0131 dile getiren K\u00fcnkc\u00fc, &#8220;Alt\u0131n\u0131 \u00f6zellikle \u00e7iziyoruz, esnaf uysal de\u011fildir. Esnaf a\u011f\u0131rba\u015fl\u0131d\u0131r, sab\u0131rl\u0131d\u0131r ancak haks\u0131zl\u0131\u011fa boyun e\u011fmez. Esnaf odalar\u0131, esnaf\u0131n kurdu\u011fu ve onun ad\u0131na konu\u015fan kurumlard\u0131r. Sa\u011fduyuludur ama teslim olmaz. K\u00fc\u00e7\u00fck esnaf krizlerle bo\u011fu\u015furken, siz ne zaman yan\u0131nda oldunuz, ne zaman y\u00fck payla\u015ft\u0131n\u0131z? Bu kadar a\u011f\u0131r bir vergi denetimine kar\u015f\u0131 ne zaman tepki g\u00f6sterdiniz ve kar\u015f\u0131 \u00e7\u0131kt\u0131n\u0131z? M\u00fckellefler bu kadar ceza yerken sizler neredeydiniz? Bug\u00fcn yap\u0131lan y\u00fcksek perdeli a\u00e7\u0131klamalar, ge\u00e7mi\u015fteki sessizlikle a\u00e7\u0131k\u00e7a \u00e7eli\u015fmektedir. Bu nedenle esnaf\u0131n sabr\u0131 zay\u0131fl\u0131k, esnaf odalar\u0131n\u0131n ve birliklerin sa\u011fduyusu da asla teslimiyet olarak g\u00f6r\u00fclmemelidir&#8221; diye konu\u015ftu.<\/p>\n<p>&#8220;\u0130\u015f birli\u011fi ve ortak akl\u0131 tercih etmelidir&#8221;<br \/>\n<br \/>Esnaf ve sanatkar odalar\u0131 olarak, esnaf\u0131n kay\u0131t d\u0131\u015f\u0131na itilmesine, k\u00fc\u00e7\u00fck i\u015fletmelerin a\u011f\u0131r maliyetler alt\u0131nda ezilmesine, odalar\u0131n haks\u0131z ve mesnetsiz \u015fekilde itibars\u0131zla\u015ft\u0131r\u0131lmas\u0131na asla izin vermeyeceklerini s\u00f6zlerin ekleyen K\u00fcnkc\u00fc; &#8220;Bu d\u00fczenleme esnaf\u0131n lehinedir. Geri ad\u0131m at\u0131lmas\u0131n\u0131 isteyenler, \u00f6nce k\u00fc\u00e7\u00fck esnaf\u0131n ger\u00e7ek sorunlar\u0131n\u0131 konu\u015fmal\u0131, tehditkar, ayr\u0131\u015ft\u0131r\u0131c\u0131 ve k\u00fc\u00e7\u00fcmseyici bir dil yerine i\u015f birli\u011fi ve ortak akl\u0131 tercih etmelidir. Esnaf\u0131, meslek mensuplar\u0131n\u0131 ve meslek kurulu\u015flar\u0131n\u0131 kar\u015f\u0131 kar\u015f\u0131ya getirmeye \u00e7al\u0131\u015fan bu anlay\u0131\u015f\u0131 reddediyor, t\u00fcm taraflar\u0131 sa\u011fduyuya, uzla\u015f\u0131ya ve sorumluluk bilinciyle hareket etmeye davet ediyoruz. Devletimizin bize verdi\u011fi g\u00f6revleri d\u00fcn oldu\u011fu gibi bug\u00fcnde lay\u0131k\u0131yla yerine getirmeye devam edece\u011fiz&#8221; ifadelerini kulland\u0131.<\/p>\n<p>Toplant\u0131, AYESOB Muhasebe Dan\u0131\u015fman\u0131 Selim \u00d6zbayrak\u2019\u0131n kat\u0131l\u0131mc\u0131lara yapt\u0131\u011f\u0131 teknik bilgilendirme sunumunun ard\u0131ndan sona erdi.<br \/><\/p>\n","protected":false},"excerpt":{"rendered":"<p>Ayd\u0131n Esnaf Odalar\u0131 Birli\u011fi (AYESOB) Ba\u015fkan\u0131 Muhammet Ali K\u00fcnkc\u00fc, 586 say\u0131l\u0131 Vergi Usul Kanunu Genel Tebli\u011fi \u00fczerinden T\u00dcRMOB\u2019un esnaf ve sanatkar odalar\u0131n\u0131 hedef alan a\u00e7\u0131klamalar\u0131n\u0131n a\u00e7\u0131k bir itibars\u0131zla\u015ft\u0131rma giri\u015fimi oldu\u011funu belirterek tepki g\u00f6sterdi. Esnaf ve sanatkar odalar\u0131 olarak, esnaf\u0131, meslek mensuplar\u0131n\u0131 ve meslek kurulu\u015flar\u0131n\u0131 kar\u015f\u0131 kar\u015f\u0131ya getirmeye \u00e7al\u0131\u015fan anlay\u0131\u015f\u0131 reddettiklerini vurgulayan K\u00fcnkc\u00fc, t\u00fcm taraflar\u0131 sa\u011fduyuya,&#8230;<\/p>\n","protected":false},"author":1,"featured_media":74753,"comment_status":"open","ping_status":"open","sticky":false,"template":"","format":"standard","meta":{"_crdt_document":"","footnotes":""},"categories":[1],"tags":[],"class_list":["post-74752","post","type-post","status-publish","format-standard","has-post-thumbnail","hentry","category-guncel"],"_links":{"self":[{"href":"https:\/\/www.egemtv.com\/index.php?rest_route=\/wp\/v2\/posts\/74752","targetHints":{"allow":["GET"]}}],"collection":[{"href":"https:\/\/www.egemtv.com\/index.php?rest_route=\/wp\/v2\/posts"}],"about":[{"href":"https:\/\/www.egemtv.com\/index.php?rest_route=\/wp\/v2\/types\/post"}],"author":[{"embeddable":true,"href":"https:\/\/www.egemtv.com\/index.php?rest_route=\/wp\/v2\/users\/1"}],"replies":[{"embeddable":true,"href":"https:\/\/www.egemtv.com\/index.php?rest_route=%2Fwp%2Fv2%2Fcomments&post=74752"}],"version-history":[{"count":1,"href":"https:\/\/www.egemtv.com\/index.php?rest_route=\/wp\/v2\/posts\/74752\/revisions"}],"predecessor-version":[{"id":74754,"href":"https:\/\/www.egemtv.com\/index.php?rest_route=\/wp\/v2\/posts\/74752\/revisions\/74754"}],"wp:featuredmedia":[{"embeddable":true,"href":"https:\/\/www.egemtv.com\/index.php?rest_route=\/wp\/v2\/media\/74753"}],"wp:attachment":[{"href":"https:\/\/www.egemtv.com\/index.php?rest_route=%2Fwp%2Fv2%2Fmedia&parent=74752"}],"wp:term":[{"taxonomy":"category","embeddable":true,"href":"https:\/\/www.egemtv.com\/index.php?rest_route=%2Fwp%2Fv2%2Fcategories&post=74752"},{"taxonomy":"post_tag","embeddable":true,"href":"https:\/\/www.egemtv.com\/index.php?rest_route=%2Fwp%2Fv2%2Ftags&post=74752"}],"curies":[{"name":"wp","href":"https:\/\/api.w.org\/{rel}","templated":true}]}}