{"id":74749,"date":"2025-12-17T14:15:12","date_gmt":"2025-12-17T11:15:12","guid":{"rendered":"https:\/\/www.egemtv.com\/?p=74749"},"modified":"2025-12-17T14:15:13","modified_gmt":"2025-12-17T11:15:13","slug":"kadin-liderligi-ve-anadolunun-gelecegi-usak-universitesinde-ele-alindi","status":"publish","type":"post","link":"https:\/\/www.egemtv.com\/?p=74749","title":{"rendered":"&#8220;Kad\u0131n Liderli\u011fi ve Anadolu\u2019nun Gelece\u011fi&#8221; U\u015fak \u00dcniversitesi\u2019nde ele al\u0131nd\u0131"},"content":{"rendered":"<p>U\u015fak \u00dcniversitesi ev sahipli\u011finde d\u00fczenlenen &#8220;Kad\u0131n Liderli\u011fi ve Anadolu\u2019nun Gelece\u011fi&#8221; paneli, akademi, kamu, \u00f6zel sekt\u00f6r ve sivil toplumdan \u00e7ok say\u0131da kad\u0131n lideri bir araya getirdi. U\u015fak \u00dcniversitesi T\u0131p Fak\u00fcltesi taraf\u0131ndan ger\u00e7ekle\u015ftirilen etkinlikte g\u00fcn boyunca kad\u0131n liderli\u011finin toplumsal, ekonomik, k\u00fclt\u00fcrel ve mek\u00e2nsal boyutlar\u0131 \u00e7ok disiplinli bir bak\u0131\u015f a\u00e7\u0131s\u0131yla ele al\u0131nd\u0131.<br \/>\n<br \/>Program, kay\u0131t ve kar\u015f\u0131lama kokteylinin ard\u0131ndan ger\u00e7ekle\u015ftirilen protokol konu\u015fmalar\u0131yla ba\u015flad\u0131. A\u00e7\u0131l\u0131\u015fta U\u015fak \u00dcniversitesi T\u0131p Fak\u00fcltesinden Do\u00e7. Dr. Ay\u015fe \u00d6zdemir, U\u015fak \u00dcniversitesi ad\u0131na kat\u0131l\u0131mc\u0131lar\u0131 selamlarken, konu\u015fmas\u0131nda \u015fu konulara de\u011findi: &#8220;Kad\u0131n liderlik, en sade ve en g\u00fc\u00e7l\u00fc h\u00e2liyle \u00e7o\u011fu zaman bir annenin rehberli\u011finde, evin sessiz odalar\u0131nda ba\u015flar. Empati, adalet ve sorumluluk duygusuyla \u015fekillenen bu liderlik anlay\u0131\u015f\u0131 yaln\u0131zca kad\u0131nlar\u0131n de\u011fil, toplumun tamam\u0131n\u0131n g\u00fc\u00e7lenmesini sa\u011flar. Bu yakla\u015f\u0131m, Gazi Mustafa Kemal Atat\u00fcrk\u2019\u00fcn kad\u0131nlar\u0131 toplumsal d\u00f6n\u00fc\u015f\u00fcm\u00fcn asli ve \u00f6nc\u00fc akt\u00f6rleri olarak g\u00f6ren vizyonuyla da \u00f6rt\u00fc\u015fmektedir.&#8221;<br \/>\n<br \/>\u00d6zdemir\u2019in ard\u0131ndan U\u015fak Valisi Dr. Naci Akta\u015f\u2019\u0131n e\u015fi Nagihan Akta\u015f bir konu\u015fma yapt\u0131. Akta\u015f konu\u015fmas\u0131nda, &#8220;Bug\u00fcn, kadim T\u00fcrk k\u00fclt\u00fcr\u00fcn\u00fcn binlerce y\u0131ll\u0131k birikiminden beslenen g\u00fc\u00e7l\u00fc T\u00fcrk kad\u0131n\u0131n\u0131n liderlik miras\u0131n\u0131 konu\u015fmak ve bu miras\u0131 g\u00fcn\u00fcm\u00fcz d\u00fcnyas\u0131n\u0131n ihtiya\u00e7lar\u0131 do\u011frultusunda yeniden de\u011ferlendirmek i\u00e7in bir araya geldik. Tarihimiz boyunca kad\u0131n; yaln\u0131zca ailenin de\u011fil, devlet akl\u0131n\u0131n tamamlay\u0131c\u0131s\u0131 ve toplumsal vicdan\u0131n sesi olmu\u015ftur. Kad\u0131n\u0131 g\u00fc\u00e7lendirmeden toplumu, ekonomiyi ve gelece\u011fimizi g\u00fc\u00e7lendirmenin m\u00fcmk\u00fcn olmad\u0131\u011f\u0131na y\u00fcrekten inan\u0131yoruz.&#8221; dedi.<br \/>\n<br \/>Prof. Dr. Sezer Komsuo\u011flu, &#8220;D\u00fcnyada Kad\u0131n Hareketleri&#8221; ba\u015fl\u0131\u011f\u0131yla bir konu\u015fma ger\u00e7ekle\u015ftirdi. Prof. Dr. Komsuo\u011flu konu\u015fmas\u0131nda kad\u0131n hareketlerinin tarihsel geli\u015fimini ve g\u00fcn\u00fcm\u00fcz toplumlar\u0131ndaki d\u00f6n\u00fc\u015ft\u00fcr\u00fcc\u00fc etkisini de\u011ferlendirdi.<br \/>\n<br \/>Program\u0131n ilk oturumu olan &#8220;Kad\u0131n Liderli\u011fi ve Anadolu\u2019nun Gelece\u011fi&#8221;, Prof. Dr. \u015eerife Ebru Okuyucu ba\u015fkanl\u0131\u011f\u0131nda ger\u00e7ekle\u015ftirildi. Oturumda Gedik Holding Y\u00f6netim Kurulu Ba\u015fkan\u0131 H\u00fclya Gedik, T\u00fcrkiye\u2019de \u00e7al\u0131\u015fma hayat\u0131nda kad\u0131nlar\u0131n g\u00fc\u00e7lenmesinin ekonomik kalk\u0131nmaya olan katk\u0131lar\u0131n\u0131 de\u011ferlendirdi. Giri\u015fimcilik alan\u0131ndaki deneyimlerini payla\u015fan Mimar Elif \u00dclger Yal\u00e7\u0131n, kad\u0131n liderli\u011finin \u00f6zel sekt\u00f6rdeki yans\u0131malar\u0131n\u0131 aktar\u0131rken, Prof. Dr. Filiz \u00c7olak; Cumhuriyet D\u00f6nemi\u2019nden g\u00fcn\u00fcm\u00fcze TBMM\u2019de kad\u0131n temsiline ili\u015fkin kapsaml\u0131 bir de\u011ferlendirme sundu.<br \/>\n<br \/>G\u00fcn\u00fcn ikinci oturumu olan &#8220;Gelece\u011fi \u015eekillendiren Kad\u0131nlar: Yenilik, Giri\u015fimcilik ve D\u00f6n\u00fc\u015f\u00fcm&#8221;, Do\u00e7. Dr. Ay\u015fe \u00d6zdemir ba\u015fkanl\u0131\u011f\u0131nda yap\u0131ld\u0131. Bu oturumda Gedik \u00dcniversitesi Dr. \u00d6\u011fr. \u00dcyesi Ay\u015fin \u015ei\u015fman, yapay zek\u00e2 \u00e7a\u011f\u0131nda kad\u0131n liderli\u011finin d\u00f6n\u00fc\u015f\u00fcm\u00fcn\u00fc ele al\u0131rken, G\u00fclnur Ulu\u011f liderlikte tutku, cesaret ve yenilik kavramlar\u0131n\u0131 kendi mesleki deneyimleri \u00fczerinden aktard\u0131. Bilgi \u00dcniversitesinden Dr. \u00d6\u011fr. \u00dcyesi \u00c7a\u011fla G\u00fcl \u015eenkarde\u015f, yapay zek\u00e2 ve inovasyonun kad\u0131n giri\u015fimciler i\u00e7in sundu\u011fu f\u0131rsatlar\u0131 de\u011ferlendirirken, Dr. Fizyoterapist Reyhan \u00d6zg\u00f6bek bak\u0131m ekonomisi ba\u011flam\u0131nda kad\u0131n liderli\u011finin T\u00fcrkiye\u2019nin demografik d\u00f6n\u00fc\u015f\u00fcm\u00fcndeki rol\u00fcne de\u011findi. Oturumda ayr\u0131ca Necmettin Erbakan \u00dcniversitesinden Do\u00e7. Dr. Ebru \u00d6zer Topalo\u011flu, kad\u0131n kooperatiflerinin yerel kalk\u0131nmadaki \u00f6nemini vurgulad\u0131.<br \/>\n<br \/>Panelin \u00fc\u00e7\u00fcnc\u00fc oturumunda &#8220;Kad\u0131n Vizyonuyla G\u00fcvenli ve S\u00fcrd\u00fcr\u00fclebilir Kentler: Mimarl\u0131k, Afet ve Dayan\u0131kl\u0131l\u0131k&#8221; ba\u015fl\u0131\u011f\u0131 alt\u0131nda kentle\u015fme ve afet y\u00f6netimi ele al\u0131nd\u0131. Bu oturumda Mimar Mine Kuzuba\u015f\u0131o\u011flu \u00d6zdemir, g\u00fcvenli ve dayan\u0131kl\u0131 kentler i\u00e7in kad\u0131n bak\u0131\u015f a\u00e7\u0131s\u0131n\u0131n \u00f6nemini aktar\u0131rken, Mimar Tuba G\u00f6k\u00e7e kamusal alanda kad\u0131n mimarlar\u0131n rol\u00fcn\u00fc de\u011ferlendirdi. U\u015fak \u0130l AFAD M\u00fcd\u00fcr\u00fc Yasemin Bebek, afet ve acil durum s\u00fcre\u00e7lerinde kad\u0131nlar\u0131n sahadaki deneyimlerini payla\u015ft\u0131. \u0130\u00e7 Mimar Sena \u00d6zdemir ise mek\u00e2n tasar\u0131m\u0131nda kad\u0131n bak\u0131\u015f a\u00e7\u0131s\u0131n\u0131 ele ald\u0131.<br \/>\n<br \/>&#8220;Toplumsal D\u00f6n\u00fc\u015f\u00fcm\u00fcn \u0130ki Temeli: Sa\u011fl\u0131kta ve Hukukta Kad\u0131n Liderli\u011fi&#8221; ba\u015fl\u0131kl\u0131 d\u00f6rd\u00fcnc\u00fc oturum, U\u015fak \u00dcniversitesinden Prof. Dr. Nesrin Ada ba\u015fkanl\u0131\u011f\u0131nda ger\u00e7ekle\u015ftirildi. Oturumda, Afyon Kocatepe \u00dcniversitesi Hukuk Fak\u00fcltesi Dekan Yard\u0131mc\u0131s\u0131 Dr. \u00d6\u011fr. \u00dcyesi H. Sena Akk\u0131\u015fla sa\u011fl\u0131kta kad\u0131n liderli\u011fi ve hukuki s\u00fcre\u00e7leri de\u011ferlendirdi. Dr. Alev T\u00fcre, Av. G\u00fcl\u00e7in K\u0131ratl\u0131, Uzm. Dr. Bahriye K\u0131ldac\u0131, Av. Hilal Sabanc\u0131 ve Av. Tu\u011fba \u00c7eki\u00e7 Ba\u015fkurt ise sa\u011fl\u0131k ve hukuk alanlar\u0131nda kad\u0131n liderlerin kar\u015f\u0131la\u015ft\u0131\u011f\u0131 yap\u0131sal sorunlar\u0131 farkl\u0131 boyutlar\u0131yla ele ald\u0131.<br \/>\n<br \/>E\u015f zamanl\u0131 olarak ger\u00e7ekle\u015ftirilen &#8220;E\u011fitimden Medyaya: Kad\u0131n Liderli\u011finin Toplumsal ve K\u00fclt\u00fcrel \u0130zleri&#8221; oturumunda Do\u00e7. Dr. Yasemin K\u0131l\u0131n\u00e7arslan, T\u00fcrk sinemas\u0131nda kad\u0131n y\u00f6netmenler \u00fczerinden kad\u0131n liderli\u011fini de\u011ferlendirirken, Do\u00e7. Dr. M\u00fcnteha Din\u00e7 tarihsel perspektiften kad\u0131n varl\u0131\u011f\u0131na \u0131\u015f\u0131k tuttu. Do\u00e7. Dr. Ay\u015fen Melda \u00c7olak, tar\u0131mda kad\u0131n liderli\u011fini ve s\u00fcrd\u00fcr\u00fclebilir kalk\u0131nmay\u0131 ele al\u0131rken, Dr. \u00d6\u011fr. \u00dcyesi Ay\u015fe G\u00fcltekin k\u00fclt\u00fcrel ve dini a\u00e7\u0131dan kad\u0131n liderli\u011finin \u00fcniversitelerdeki yans\u0131malar\u0131n\u0131 de\u011ferlendirdi.<br \/>\n<br \/>Ayr\u0131ca k\u00fcrat\u00f6rl\u00fc\u011f\u00fcn\u00fc Do\u00e7. Dr. Nazan D\u00fcz\u2019\u00fcn \u00fcstlendi\u011fi &#8220;Anadolu\u2019nun I\u015f\u0131\u011f\u0131: Kad\u0131n Liderlerin Sanatla Bulu\u015fmas\u0131&#8221; adl\u0131 serginin a\u00e7\u0131l\u0131\u015f\u0131 ger\u00e7ekle\u015ftirildi. Sergide, U\u015fak<br \/>\n<br \/>\u00dcniversitesi G\u00fczel Sanatlar Fak\u00fcltesi \u00f6\u011fretim elemanlar\u0131n\u0131n eserleri sanatseverlerle bulu\u015fturuldu.<br \/>\n<br \/>Panel, &#8220;Toplumdan Kad\u0131n Liderlik \u00d6yk\u00fcleri&#8221; ba\u015fl\u0131kl\u0131 k\u0131sa video g\u00f6sterimi ve kapan\u0131\u015f de\u011ferlendirmeleriyle sona erdi.<br \/><\/p>\n","protected":false},"excerpt":{"rendered":"<p>U\u015fak \u00dcniversitesi ev sahipli\u011finde d\u00fczenlenen &#8220;Kad\u0131n Liderli\u011fi ve Anadolu\u2019nun Gelece\u011fi&#8221; paneli, akademi, kamu, \u00f6zel sekt\u00f6r ve sivil toplumdan \u00e7ok say\u0131da kad\u0131n lideri bir araya getirdi. U\u015fak \u00dcniversitesi T\u0131p Fak\u00fcltesi taraf\u0131ndan ger\u00e7ekle\u015ftirilen etkinlikte g\u00fcn boyunca kad\u0131n liderli\u011finin toplumsal, ekonomik, k\u00fclt\u00fcrel ve mek\u00e2nsal boyutlar\u0131 \u00e7ok disiplinli bir bak\u0131\u015f a\u00e7\u0131s\u0131yla ele al\u0131nd\u0131. Program, kay\u0131t ve kar\u015f\u0131lama kokteylinin ard\u0131ndan&#8230;<\/p>\n","protected":false},"author":1,"featured_media":74750,"comment_status":"open","ping_status":"open","sticky":false,"template":"","format":"standard","meta":{"_crdt_document":"","footnotes":""},"categories":[1],"tags":[],"class_list":["post-74749","post","type-post","status-publish","format-standard","has-post-thumbnail","hentry","category-guncel"],"_links":{"self":[{"href":"https:\/\/www.egemtv.com\/index.php?rest_route=\/wp\/v2\/posts\/74749","targetHints":{"allow":["GET"]}}],"collection":[{"href":"https:\/\/www.egemtv.com\/index.php?rest_route=\/wp\/v2\/posts"}],"about":[{"href":"https:\/\/www.egemtv.com\/index.php?rest_route=\/wp\/v2\/types\/post"}],"author":[{"embeddable":true,"href":"https:\/\/www.egemtv.com\/index.php?rest_route=\/wp\/v2\/users\/1"}],"replies":[{"embeddable":true,"href":"https:\/\/www.egemtv.com\/index.php?rest_route=%2Fwp%2Fv2%2Fcomments&post=74749"}],"version-history":[{"count":1,"href":"https:\/\/www.egemtv.com\/index.php?rest_route=\/wp\/v2\/posts\/74749\/revisions"}],"predecessor-version":[{"id":74751,"href":"https:\/\/www.egemtv.com\/index.php?rest_route=\/wp\/v2\/posts\/74749\/revisions\/74751"}],"wp:featuredmedia":[{"embeddable":true,"href":"https:\/\/www.egemtv.com\/index.php?rest_route=\/wp\/v2\/media\/74750"}],"wp:attachment":[{"href":"https:\/\/www.egemtv.com\/index.php?rest_route=%2Fwp%2Fv2%2Fmedia&parent=74749"}],"wp:term":[{"taxonomy":"category","embeddable":true,"href":"https:\/\/www.egemtv.com\/index.php?rest_route=%2Fwp%2Fv2%2Fcategories&post=74749"},{"taxonomy":"post_tag","embeddable":true,"href":"https:\/\/www.egemtv.com\/index.php?rest_route=%2Fwp%2Fv2%2Ftags&post=74749"}],"curies":[{"name":"wp","href":"https:\/\/api.w.org\/{rel}","templated":true}]}}