{"id":74746,"date":"2025-12-17T14:15:11","date_gmt":"2025-12-17T11:15:11","guid":{"rendered":"https:\/\/www.egemtv.com\/?p=74746"},"modified":"2025-12-17T14:15:12","modified_gmt":"2025-12-17T11:15:12","slug":"buyuksehirden-menteseye-nefes-aldiracak-bir-proje-daha","status":"publish","type":"post","link":"https:\/\/www.egemtv.com\/?p=74746","title":{"rendered":"B\u00fcy\u00fck\u015fehir\u2019den Mente\u015fe\u2019ye nefes ald\u0131racak bir proje daha"},"content":{"rendered":"<p>Mu\u011fla\u2019n\u0131n Mente\u015fe il\u00e7esinde, kente nefes ald\u0131racak ve ya\u015fam kalitesini y\u00fckseltecek \u00f6nemli projelerden biri olan Cengiz Bekta\u015f Kent Belle\u011fi yan\u0131nda bulunan parkta y\u00fcr\u00fct\u00fclen \u00e7al\u0131\u015fmalarda sona yakla\u015f\u0131ld\u0131.<br \/>\n<br \/>Mu\u011fla B\u00fcy\u00fck\u015fehir Belediyesi Genel Sekreteri Tayfun Y\u0131lmaz, teknik ekiplerle birlikte alanda incelemeler yaparak \u00e7al\u0131\u015fmalar\u0131n son durumunu de\u011ferlendirdi. Yakla\u015f\u0131k 8 bin 300 metrekare alan \u00fczerine in\u015fa edilen Cengiz Bekta\u015f Kent Belle\u011fi yan\u0131nda bulunan park sadece bir ye\u015fil alan olman\u0131n \u00f6tesinde, her ya\u015ftan yurtta\u015f i\u00e7in g\u00fcvenli ve estetik bir bulu\u015fma noktas\u0131 olarak tasarland\u0131. Proje kapsam\u0131nda, 900 metrekarelik g\u00fcvenli \u00e7ocuk oyun alan\u0131, do\u011fal ta\u015f amfi ve s\u00fcs havuzlar\u0131 ile birlikte 3 bin 500 metrekarelik ye\u015fil alan ve y\u00fcr\u00fcy\u00fc\u015f yollar\u0131na yer verildi. Park\u0131n, sundu\u011fu bu donat\u0131larla Mente\u015fe\u2019de sosyal ya\u015fam\u0131 canland\u0131racak nitelikli bir kamusal alan olma \u00f6zelli\u011fi ta\u015f\u0131d\u0131\u011f\u0131 belirtildi.<br \/>\n<br \/>Genel Sekreter Tayfun Y\u0131lmaz: &#8220;Bu projeler kent k\u00fclt\u00fcr\u00fcn\u00fc g\u00fc\u00e7lendiriyor&#8221;<br \/>\n<br \/>Mu\u011fla B\u00fcy\u00fck\u015fehir Belediyesi Genel Sekreteri Tayfun Y\u0131lmaz, proje alan\u0131ndaki incelemeler s\u0131ras\u0131nda yapt\u0131\u011f\u0131 a\u00e7\u0131klamada, \u00e7al\u0131\u015fmalar\u0131n planland\u0131\u011f\u0131 \u015fekilde ilerledi\u011fini belirterek &#8220;Cengiz Bekta\u015f Kent Belle\u011fi yan\u0131nda in\u015fa etti\u011fimiz park\u0131m\u0131z Mu\u011fla\u2019n\u0131n k\u00fclt\u00fcrel kimli\u011fini, kamusal ya\u015fam\u0131n\u0131 ve sosyal etkile\u015fimini g\u00fc\u00e7lendiren \u00e7ok de\u011ferli bir proje. B\u00fcy\u00fck\u015fehir Belediye Ba\u015fkan\u0131m\u0131z Ahmet Aras\u2019\u0131n vizyonu do\u011frultusunda, kentin merkezinde herkesin rahat\u00e7a nefes alabilece\u011fi, bir araya gelebilece\u011fi alanlar olu\u015fturuyoruz. Teknik ekiplerimizle birlikte titizlikle y\u00fcr\u00fctt\u00fc\u011f\u00fcm\u00fcz bu \u00e7al\u0131\u015fmay\u0131, Mente\u015fe\u2019ye yak\u0131\u015f\u0131r \u015fekilde tamamlamaktan mutluluk duyuyoruz.&#8221; Dedi.<br \/>\n<br \/>Ba\u015fkan Aras: &#8220;Kentler betonla de\u011fil, insanla g\u00fczelle\u015fir&#8221;<br \/>\n<br \/>K\u0131y\u0131 Ege Belediyeler Birli\u011fi ve Mu\u011fla B\u00fcy\u00fck\u015fehir Belediye Ba\u015fkan\u0131 Ahmet Aras ise yapt\u0131\u011f\u0131 de\u011ferlendirmede, kentsel projelerde insan odakl\u0131 yakla\u015f\u0131m\u0131 benimsediklerini vurgulayarak, &#8220;Bizim anlay\u0131\u015f\u0131m\u0131zda kentler sadece yollarla, binalarla de\u011fil; parklar\u0131yla, meydanlar\u0131yla ve insanlar\u0131n bir araya gelebildi\u011fi ortak ya\u015fam alanlar\u0131yla g\u00fczelle\u015fir. Cengiz Bekta\u015f Kent Belle\u011fi yan\u0131nda in\u015fa edilen park\u0131m\u0131z da bu anlay\u0131\u015f\u0131n somut bir \u00f6rne\u011fidir. Mente\u015fe\u2019de ye\u015fil alanlar\u0131 art\u0131rmak, \u00e7ocuklar\u0131m\u0131za g\u00fcvenli oyun alanlar\u0131, yurtta\u015flar\u0131m\u0131za nefes alabilecekleri sosyal mekanlar sunmak en temel \u00f6nceliklerimizden biri. Mu\u011fla\u2019y\u0131 do\u011fas\u0131na, tarihine ve insan\u0131na yak\u0131\u015f\u0131r \u015fekilde birlikte b\u00fcy\u00fctmeye devam edece\u011fiz.&#8221; diye konu\u015ftu.<br \/><\/p>\n","protected":false},"excerpt":{"rendered":"<p>Mu\u011fla\u2019n\u0131n Mente\u015fe il\u00e7esinde, kente nefes ald\u0131racak ve ya\u015fam kalitesini y\u00fckseltecek \u00f6nemli projelerden biri olan Cengiz Bekta\u015f Kent Belle\u011fi yan\u0131nda bulunan parkta y\u00fcr\u00fct\u00fclen \u00e7al\u0131\u015fmalarda sona yakla\u015f\u0131ld\u0131. Mu\u011fla B\u00fcy\u00fck\u015fehir Belediyesi Genel Sekreteri Tayfun Y\u0131lmaz, teknik ekiplerle birlikte alanda incelemeler yaparak \u00e7al\u0131\u015fmalar\u0131n son durumunu de\u011ferlendirdi. Yakla\u015f\u0131k 8 bin 300 metrekare alan \u00fczerine in\u015fa edilen Cengiz Bekta\u015f Kent Belle\u011fi&#8230;<\/p>\n","protected":false},"author":1,"featured_media":74747,"comment_status":"open","ping_status":"open","sticky":false,"template":"","format":"standard","meta":{"_crdt_document":"","footnotes":""},"categories":[1],"tags":[],"class_list":["post-74746","post","type-post","status-publish","format-standard","has-post-thumbnail","hentry","category-guncel"],"_links":{"self":[{"href":"https:\/\/www.egemtv.com\/index.php?rest_route=\/wp\/v2\/posts\/74746","targetHints":{"allow":["GET"]}}],"collection":[{"href":"https:\/\/www.egemtv.com\/index.php?rest_route=\/wp\/v2\/posts"}],"about":[{"href":"https:\/\/www.egemtv.com\/index.php?rest_route=\/wp\/v2\/types\/post"}],"author":[{"embeddable":true,"href":"https:\/\/www.egemtv.com\/index.php?rest_route=\/wp\/v2\/users\/1"}],"replies":[{"embeddable":true,"href":"https:\/\/www.egemtv.com\/index.php?rest_route=%2Fwp%2Fv2%2Fcomments&post=74746"}],"version-history":[{"count":1,"href":"https:\/\/www.egemtv.com\/index.php?rest_route=\/wp\/v2\/posts\/74746\/revisions"}],"predecessor-version":[{"id":74748,"href":"https:\/\/www.egemtv.com\/index.php?rest_route=\/wp\/v2\/posts\/74746\/revisions\/74748"}],"wp:featuredmedia":[{"embeddable":true,"href":"https:\/\/www.egemtv.com\/index.php?rest_route=\/wp\/v2\/media\/74747"}],"wp:attachment":[{"href":"https:\/\/www.egemtv.com\/index.php?rest_route=%2Fwp%2Fv2%2Fmedia&parent=74746"}],"wp:term":[{"taxonomy":"category","embeddable":true,"href":"https:\/\/www.egemtv.com\/index.php?rest_route=%2Fwp%2Fv2%2Fcategories&post=74746"},{"taxonomy":"post_tag","embeddable":true,"href":"https:\/\/www.egemtv.com\/index.php?rest_route=%2Fwp%2Fv2%2Ftags&post=74746"}],"curies":[{"name":"wp","href":"https:\/\/api.w.org\/{rel}","templated":true}]}}