{"id":74743,"date":"2025-12-17T13:54:49","date_gmt":"2025-12-17T10:54:49","guid":{"rendered":"https:\/\/www.egemtv.com\/?p=74743"},"modified":"2025-12-17T13:54:49","modified_gmt":"2025-12-17T10:54:49","slug":"engelli-cocuklari-icin-ev-hayali-kuran-babaya-muteahhit-darbesi-iddiasi","status":"publish","type":"post","link":"https:\/\/www.egemtv.com\/?p=74743","title":{"rendered":"Engelli \u00e7ocuklar\u0131 i\u00e7in ev hayali kuran babaya m\u00fcteahhit darbesi iddias\u0131"},"content":{"rendered":"<p>Isparta\u2019da engelli \u00e7ocuklar\u0131 i\u00e7in m\u00fcstakil ev yapt\u0131rmak isteyen \u015fah\u0131s, t\u00fcm birikimini m\u00fcteahhite kapt\u0131rd\u0131\u011f\u0131n\u0131 \u00f6ne s\u00fcrd\u00fc. M\u00fcteahhidin \u00fczerinde herhangi bir mal varl\u0131\u011f\u0131 bulunmamas\u0131 nedeniyle mahkeme karar\u0131ndan da faydalanamad\u0131\u011f\u0131n\u0131 belirten baba, &#8220;Engelli \u00e7ocuklar\u0131n hakk\u0131na giren birinin elini kolunu sallayarak ortal\u0131kta dola\u015fmas\u0131 vicdan\u0131ma s\u0131\u011fm\u0131yor. Bu ki\u015finin tutuklanmas\u0131n\u0131 ve ma\u011fduriyetimin giderilmesini istiyorum&#8221; dedi.<br \/>\n<br \/>Antalya\u2019dan emekli olduktan sonra engelli \u00e7ocuklar\u0131n\u0131n apartman ya\u015fam\u0131nda zorland\u0131\u011f\u0131n\u0131 belirten 54 ya\u015f\u0131ndaki Vezir K\u0131l\u0131n\u00e7, \u00e7ocuklar\u0131n\u0131n daha rahat edebilmesi i\u00e7in memleketi Isparta\u2019ya yerle\u015fme karar\u0131 ald\u0131. K\u0131l\u0131n\u00e7, kendi arsas\u0131 \u00fczerine m\u00fcstakil bir ev yapt\u0131rmak amac\u0131yla 2021 y\u0131l\u0131nda M.\u015e. isimli bir m\u00fcteahhitle toplam 365 bin lira bedelle anahtar teslim anla\u015fmas\u0131 yapt\u0131. Anla\u015fma kapsam\u0131nda 265 bin liray\u0131 pe\u015fin olarak \u00f6deyen K\u0131l\u0131n\u00e7, kalan tutar\u0131 ev tamamland\u0131ktan sonra vermek \u00fczere s\u00f6zle\u015fme imzalad\u0131. Aradan yakla\u015f\u0131k 4,5 y\u0131l ge\u00e7mesine ra\u011fmen in\u015faatta hi\u00e7bir ilerleme kaydedilmedi.<\/p>\n<p>&#8220;\u0130ki engelli \u00e7ocu\u011fumun bak\u0131m\u0131n\u0131 tek ba\u015f\u0131ma \u00fcstleniyorum&#8221;<br \/>\n<br \/>Ma\u011fdur Vezir K\u0131l\u0131n\u00e7, &#8220;Ben Ahmet ve Mert K\u0131l\u0131n\u00e7 isimli iki engelli \u00e7ocu\u011fun babas\u0131y\u0131m. \u00c7ocuklar\u0131m\u0131n bak\u0131m\u0131 olduk\u00e7a zor oldu\u011fu i\u00e7in anneleri tek ba\u015f\u0131na yeterli olam\u0131yor. Emekliyim ve \u00e7ocuklarla ilgilenebilmek i\u00e7in \u015fu anda \u00e7al\u0131\u015fam\u0131yorum. Ayr\u0131ca ya\u015f\u0131m nedeniyle bel f\u0131t\u0131\u011f\u0131 rahats\u0131zl\u0131\u011f\u0131m bulunuyor, bu da \u00e7al\u0131\u015fmam\u0131 engelliyor. Ahmet\u2019in y\u00fczde 81, Mert\u2019in ise y\u00fczde 85 oran\u0131nda engeli var&#8221; dedi.<\/p>\n<p>&#8220;6 ayda teslim s\u00f6z\u00fc verdi, 4,5 y\u0131ld\u0131r tek \u00e7ivi \u00e7ak\u0131lmad\u0131&#8221;<br \/>\n<br \/>Isparta\u2019n\u0131n Sav kasabas\u0131nda bir arsas\u0131 oldu\u011funu anlatan K\u0131l\u0131n\u00e7, &#8220;\u00c7ocuklar\u0131m engelli oldu\u011fu i\u00e7in apartman ya\u015fam\u0131nda rahat edemediklerinden, buraya m\u00fcstakil bir ev yapt\u0131rmak istedik. Elimizde bir miktar birikimimiz vard\u0131 ve bu birikimle Ispartal\u0131 bir m\u00fcteahhitle anla\u015ft\u0131k. 2021 y\u0131l\u0131n\u0131n A\u011fustos ay\u0131nda s\u00f6zle\u015fmemizi yapt\u0131k. M\u00fcteahhit, evi 6 ay i\u00e7inde anahtar teslim edece\u011fini s\u00f6yledi. Ancak aradan 4,5 y\u0131l ge\u00e7mesine ra\u011fmen hi\u00e7bir ilerleme kaydedilmedi. Evimizi yapmad\u0131 ve bizi doland\u0131rd\u0131. 2021 y\u0131l\u0131nda 350 bin liraya anahtar teslim anla\u015fma yapt\u0131k ve bunun 265 bin liras\u0131n\u0131 pe\u015fin olarak verdim. Sadece in\u015faat\u0131n hafriyat\u0131n\u0131 ald\u0131, daha sonra hi\u00e7bir \u00e7al\u0131\u015fma yap\u0131lmad\u0131&#8221; ifadelerini kulland\u0131.<br \/>\n<br \/>Bunun \u00fczerine dava a\u00e7t\u0131\u011f\u0131n\u0131 ifade K\u0131l\u0131n\u00e7, &#8220;A\u00e7t\u0131\u011f\u0131m alacak davas\u0131 kesinle\u015fti ancak kar\u015f\u0131 taraf\u0131n \u00fczerinde hi\u00e7bir mal varl\u0131\u011f\u0131 olmad\u0131\u011f\u0131 i\u00e7in herhangi bir sonu\u00e7 alamad\u0131k. Avukat\u0131m\u0131z da bu \u015fekilde bilgi verdi. \u015eu anda ger\u00e7ekten \u00e7ok zor durumday\u0131z. \u00c7ocuklar\u0131m s\u00fcrekli evimizi soruyor. \u2018M\u00fcteahhit bizi doland\u0131rd\u0131\u2019 diyerek bu konuyu s\u00fcrekli g\u00fcndeme getiriyorlar. Bu durum aile i\u00e7inde huzursuzluklara neden oluyor&#8221; dedi.<\/p>\n<p>&#8220;T\u00fcm birikimimin doland\u0131r\u0131lmas\u0131 \u00e7ok zoruma gidiyor&#8221;<br \/>\n<br \/>&#8220;Bir evimiz olsayd\u0131 en az\u0131ndan kira \u00f6demeyecektik ve bu paray\u0131 \u00e7ocuklar\u0131m i\u00e7in harcayabilecektik&#8221; diye devam eden K\u0131l\u0131n\u00e7, &#8220;\u015eu anda ne yapaca\u011f\u0131m\u0131 bilemez haldeyim, tam anlam\u0131yla bir \u00e7\u0131kmaz\u0131n i\u00e7indeyim. \u00c7ocuklar evde s\u0131k\u0131l\u0131yor, s\u00fcrekli d\u0131\u015far\u0131 \u00e7\u0131kmak istiyorlar. B\u00fcy\u00fck o\u011flum psikiyatrik ila\u00e7 kullan\u0131yor. Maddi imk\u00e2nlar\u0131m k\u0131s\u0131tl\u0131 oldu\u011fu i\u00e7in onlar\u0131 gezdiremiyorum. Evden \u00e7\u0131kamad\u0131klar\u0131nda psikolojileri daha da bozuluyor&#8221; ifadelerini kulland\u0131.<br \/>\n<br \/>Vezir K\u0131l\u0131n\u00e7 s\u00f6zlerini \u015f\u00f6yle tamamlad\u0131:<br \/>\n<br \/>&#8220;Ben bir babay\u0131m ve bu durumu ya\u015famak beni derinden yaral\u0131yor. T\u00fcm birikimimin doland\u0131r\u0131lmas\u0131 \u00e7ok zoruma gidiyor. Bu ki\u015fi Isparta\u2019da h\u00e2l\u00e2 ticaretine devam ediyor ve farkl\u0131 ki\u015filer \u00fczerinden insanlar\u0131 doland\u0131rmay\u0131 s\u00fcrd\u00fcr\u00fcyor. Yeni ma\u011fdurlar olu\u015fmadan bu \u015fahs\u0131n if\u015fa edilmesi ve engellenmesi gerekiyor. Elini kolunu sallayarak ortal\u0131kta dola\u015fmas\u0131 vicdanlar\u0131 yaral\u0131yor. Engelli \u00e7ocuklar\u0131n hakk\u0131na giren birinin nas\u0131l rahat uyuyabildi\u011fini anlam\u0131yorum.&#8221;<br \/><\/p>\n","protected":false},"excerpt":{"rendered":"<p>Isparta\u2019da engelli \u00e7ocuklar\u0131 i\u00e7in m\u00fcstakil ev yapt\u0131rmak isteyen \u015fah\u0131s, t\u00fcm birikimini m\u00fcteahhite kapt\u0131rd\u0131\u011f\u0131n\u0131 \u00f6ne s\u00fcrd\u00fc. M\u00fcteahhidin \u00fczerinde herhangi bir mal varl\u0131\u011f\u0131 bulunmamas\u0131 nedeniyle mahkeme karar\u0131ndan da faydalanamad\u0131\u011f\u0131n\u0131 belirten baba, &#8220;Engelli \u00e7ocuklar\u0131n hakk\u0131na giren birinin elini kolunu sallayarak ortal\u0131kta dola\u015fmas\u0131 vicdan\u0131ma s\u0131\u011fm\u0131yor. Bu ki\u015finin tutuklanmas\u0131n\u0131 ve ma\u011fduriyetimin giderilmesini istiyorum&#8221; dedi. Antalya\u2019dan emekli olduktan sonra engelli \u00e7ocuklar\u0131n\u0131n&#8230;<\/p>\n","protected":false},"author":1,"featured_media":74744,"comment_status":"open","ping_status":"open","sticky":false,"template":"","format":"standard","meta":{"_crdt_document":"","footnotes":""},"categories":[123],"tags":[],"class_list":["post-74743","post","type-post","status-publish","format-standard","has-post-thumbnail","hentry","category-gundem"],"_links":{"self":[{"href":"https:\/\/www.egemtv.com\/index.php?rest_route=\/wp\/v2\/posts\/74743","targetHints":{"allow":["GET"]}}],"collection":[{"href":"https:\/\/www.egemtv.com\/index.php?rest_route=\/wp\/v2\/posts"}],"about":[{"href":"https:\/\/www.egemtv.com\/index.php?rest_route=\/wp\/v2\/types\/post"}],"author":[{"embeddable":true,"href":"https:\/\/www.egemtv.com\/index.php?rest_route=\/wp\/v2\/users\/1"}],"replies":[{"embeddable":true,"href":"https:\/\/www.egemtv.com\/index.php?rest_route=%2Fwp%2Fv2%2Fcomments&post=74743"}],"version-history":[{"count":1,"href":"https:\/\/www.egemtv.com\/index.php?rest_route=\/wp\/v2\/posts\/74743\/revisions"}],"predecessor-version":[{"id":74745,"href":"https:\/\/www.egemtv.com\/index.php?rest_route=\/wp\/v2\/posts\/74743\/revisions\/74745"}],"wp:featuredmedia":[{"embeddable":true,"href":"https:\/\/www.egemtv.com\/index.php?rest_route=\/wp\/v2\/media\/74744"}],"wp:attachment":[{"href":"https:\/\/www.egemtv.com\/index.php?rest_route=%2Fwp%2Fv2%2Fmedia&parent=74743"}],"wp:term":[{"taxonomy":"category","embeddable":true,"href":"https:\/\/www.egemtv.com\/index.php?rest_route=%2Fwp%2Fv2%2Fcategories&post=74743"},{"taxonomy":"post_tag","embeddable":true,"href":"https:\/\/www.egemtv.com\/index.php?rest_route=%2Fwp%2Fv2%2Ftags&post=74743"}],"curies":[{"name":"wp","href":"https:\/\/api.w.org\/{rel}","templated":true}]}}