{"id":74740,"date":"2025-12-17T13:54:48","date_gmt":"2025-12-17T10:54:48","guid":{"rendered":"https:\/\/www.egemtv.com\/?p=74740"},"modified":"2025-12-17T13:54:48","modified_gmt":"2025-12-17T10:54:48","slug":"aydinogullarindan-gunumuze-uzanan-manevi-miras-temizlendi","status":"publish","type":"post","link":"https:\/\/www.egemtv.com\/?p=74740","title":{"rendered":"Ayd\u0131no\u011fullar\u0131\u2019ndan g\u00fcn\u00fcm\u00fcze uzanan manevi miras temizlendi"},"content":{"rendered":"<p>Ayd\u0131n\u2019\u0131n Efeler il\u00e7esinde Ayd\u0131no\u011fullar\u0131 Beyli\u011fi\u2019nden g\u00fcn\u00fcm\u00fcze ula\u015fan en eski T\u00fcrk d\u00f6nemi yap\u0131lar\u0131ndan olan Alihan O\u011flu \u0130smail T\u00fcrbesi, ger\u00e7ekle\u015ftirilen temizlik ve \u00e7evre d\u00fczenleme \u00e7al\u0131\u015fmalar\u0131yla, daha d\u00fczenli bir g\u00f6r\u00fcn\u00fcme kavu\u015fturuldu.<\/p>\n<p>Efeler il\u00e7esinin \u00f6nemli manevi duraklar\u0131 aras\u0131nda yer alan Alihan O\u011flu \u0130smail T\u00fcrbesi\u2019nde bak\u0131m, temizlik ve \u00e7evre d\u00fczenleme \u00e7al\u0131\u015fmalar\u0131 ger\u00e7ekle\u015ftirildi. Veysi Pa\u015fa Mahallesi Has\u0131r Pazar\u0131 mevkiinde bulunan t\u00fcrbede yap\u0131lan \u00e7al\u0131\u015fmalar kapsam\u0131nda a\u011fa\u00e7 budama ve \u00e7im bi\u00e7me i\u015flemleri tamamlanarak alan daha d\u00fczenli ve estetik bir g\u00f6r\u00fcn\u00fcme kavu\u015fturuldu. Ger\u00e7ekle\u015ftirilen temizlik ve \u00e7evre d\u00fczenleme \u00e7al\u0131\u015fmalar\u0131yla, Efeler\u2019in tarihi ve k\u00fclt\u00fcrel miras\u0131 da korunarak vatanda\u015flar\u0131n ziyaretine daha uygun hale getirildi.<\/p>\n<p>Ayd\u0131n\u2019\u0131n g\u00fcn\u00fcm\u00fcze ula\u015fan en eski T\u00fcrk d\u00f6nemi yap\u0131lar\u0131ndan biri olma \u00f6zelli\u011fi ta\u015f\u0131yan ve Ayd\u0131no\u011fullar\u0131 Beyli\u011fi\u2019nden kalan tarihi eserler aras\u0131nda yer alan t\u00fcrbe, 14. y\u00fczy\u0131lda Alihan Baba taraf\u0131ndan, \u015fehit olan o\u011flu \u0130smail i\u00e7in yapt\u0131r\u0131ld\u0131. Sel\u00e7uklu t\u00fcrbe gelene\u011fine uygun olarak in\u015fa edilen kare planl\u0131 yap\u0131, ta\u015f, tu\u011fla ve dev\u015firme malzeme kullan\u0131larak yap\u0131ld\u0131. \u00dczeri kubbe ile \u00f6rt\u00fcl\u00fc olan t\u00fcrbenin in\u015fa kitabesi bulunmazken, mezar ta\u015flar\u0131ndaki tarihler yap\u0131n\u0131n 14. y\u00fczy\u0131l\u0131n sonlar\u0131ndan \u00f6nce in\u015fa edildi\u011fini ortaya koyuyor. Horasan\u2019dan Ayd\u0131n\u2019a gelen erenlerden biri olan Alihan Baba\u2019n\u0131n, kentte Alihan Camii (Ulu Cami) ve Alihan Medresesi\u2019ni de yapt\u0131rd\u0131\u011f\u0131, ancak bu yap\u0131lar\u0131n Yunan i\u015fgali s\u0131ras\u0131nda yand\u0131\u011f\u0131 biliniyor.<br \/><\/p>\n","protected":false},"excerpt":{"rendered":"<p>Ayd\u0131n\u2019\u0131n Efeler il\u00e7esinde Ayd\u0131no\u011fullar\u0131 Beyli\u011fi\u2019nden g\u00fcn\u00fcm\u00fcze ula\u015fan en eski T\u00fcrk d\u00f6nemi yap\u0131lar\u0131ndan olan Alihan O\u011flu \u0130smail T\u00fcrbesi, ger\u00e7ekle\u015ftirilen temizlik ve \u00e7evre d\u00fczenleme \u00e7al\u0131\u015fmalar\u0131yla, daha d\u00fczenli bir g\u00f6r\u00fcn\u00fcme kavu\u015fturuldu. Efeler il\u00e7esinin \u00f6nemli manevi duraklar\u0131 aras\u0131nda yer alan Alihan O\u011flu \u0130smail T\u00fcrbesi\u2019nde bak\u0131m, temizlik ve \u00e7evre d\u00fczenleme \u00e7al\u0131\u015fmalar\u0131 ger\u00e7ekle\u015ftirildi. Veysi Pa\u015fa Mahallesi Has\u0131r Pazar\u0131 mevkiinde bulunan t\u00fcrbede&#8230;<\/p>\n","protected":false},"author":1,"featured_media":74741,"comment_status":"open","ping_status":"open","sticky":false,"template":"","format":"standard","meta":{"_crdt_document":"","footnotes":""},"categories":[1],"tags":[],"class_list":["post-74740","post","type-post","status-publish","format-standard","has-post-thumbnail","hentry","category-guncel"],"_links":{"self":[{"href":"https:\/\/www.egemtv.com\/index.php?rest_route=\/wp\/v2\/posts\/74740","targetHints":{"allow":["GET"]}}],"collection":[{"href":"https:\/\/www.egemtv.com\/index.php?rest_route=\/wp\/v2\/posts"}],"about":[{"href":"https:\/\/www.egemtv.com\/index.php?rest_route=\/wp\/v2\/types\/post"}],"author":[{"embeddable":true,"href":"https:\/\/www.egemtv.com\/index.php?rest_route=\/wp\/v2\/users\/1"}],"replies":[{"embeddable":true,"href":"https:\/\/www.egemtv.com\/index.php?rest_route=%2Fwp%2Fv2%2Fcomments&post=74740"}],"version-history":[{"count":1,"href":"https:\/\/www.egemtv.com\/index.php?rest_route=\/wp\/v2\/posts\/74740\/revisions"}],"predecessor-version":[{"id":74742,"href":"https:\/\/www.egemtv.com\/index.php?rest_route=\/wp\/v2\/posts\/74740\/revisions\/74742"}],"wp:featuredmedia":[{"embeddable":true,"href":"https:\/\/www.egemtv.com\/index.php?rest_route=\/wp\/v2\/media\/74741"}],"wp:attachment":[{"href":"https:\/\/www.egemtv.com\/index.php?rest_route=%2Fwp%2Fv2%2Fmedia&parent=74740"}],"wp:term":[{"taxonomy":"category","embeddable":true,"href":"https:\/\/www.egemtv.com\/index.php?rest_route=%2Fwp%2Fv2%2Fcategories&post=74740"},{"taxonomy":"post_tag","embeddable":true,"href":"https:\/\/www.egemtv.com\/index.php?rest_route=%2Fwp%2Fv2%2Ftags&post=74740"}],"curies":[{"name":"wp","href":"https:\/\/api.w.org\/{rel}","templated":true}]}}