{"id":74737,"date":"2025-12-17T13:54:47","date_gmt":"2025-12-17T10:54:47","guid":{"rendered":"https:\/\/www.egemtv.com\/?p=74737"},"modified":"2025-12-17T13:54:48","modified_gmt":"2025-12-17T10:54:48","slug":"mugla-yataganda-bin-yillik-yagmur-duasi-gelenegi-yasatiliyor","status":"publish","type":"post","link":"https:\/\/www.egemtv.com\/?p=74737","title":{"rendered":"Mu\u011fla Yata\u011fan\u2019da bin y\u0131ll\u0131k ya\u011fmur duas\u0131 gelene\u011fi ya\u015fat\u0131l\u0131yor"},"content":{"rendered":"<p>Mu\u011fla\u2019n\u0131n Yata\u011fan il\u00e7esine ba\u011fl\u0131 Do\u011fank\u00f6y Mahallesi\u2019nde, bin y\u0131ll\u0131k &#8220;Ya\u011fmur Duas\u0131&#8221; gelene\u011fi ya\u015fat\u0131lmaya devam ediyor. Bahar ay\u0131nda ve kurakl\u0131k d\u00f6nemlerinde ya\u011fmur dualar\u0131, b\u00f6lge halk\u0131n\u0131n k\u00fclt\u00fcrel ba\u011flar\u0131n\u0131 ya\u015fatmas\u0131 a\u00e7\u0131s\u0131ndan b\u00fcy\u00fck \u00f6nem ta\u015f\u0131yor.<br \/>\n<br \/>Do\u011fank\u00f6y Mahalle Muhtar\u0131 Durmu\u015f G\u00f6k, t\u00f6renlerin mahallede &#8220;Domuzdam\u0131 Ereni&#8221; olarak bilinen mevkide ger\u00e7ekle\u015ftirildi\u011fini belirterek, gelene\u011fin as\u0131rlatd\u0131r devam etti\u011fini belirtti. G\u00f6k, atalar\u0131ndan miras kalan bu uygulamay\u0131 yeniden canland\u0131rmak i\u00e7in muhtarl\u0131k g\u00f6revine d\u00f6nd\u00fc\u011f\u00fc andan itibaren t\u00f6renleri organize etmeye ba\u015flad\u0131\u011f\u0131n\u0131 kaydetti.<br \/>\n<br \/>Muhtar G\u00f6k, ya\u011fmurun bir bereket oldu\u011funu belirterek, &#8220;As\u0131rlard\u0131r devam eden ya\u011fmur duas\u0131na kurban kesip dualarla ba\u015fl\u0131yoruz. Kazanlarla hay\u0131r amac\u0131yla pi\u015firilen yemekler k\u00f6yl\u00fcler ve gelen davetliler taraf\u0131ndan  hep birlikte yenilir. Bu t\u00f6renlerde b\u00fcy\u00fcklerimizden g\u00f6rd\u00fc\u011f\u00fcm\u00fcz\u00fc ya\u015fat\u0131yoruz&#8221; dedi.<br \/>\n<br \/>G\u00f6k ayr\u0131ca, t\u00f6renlerin yap\u0131ld\u0131\u011f\u0131 Erenler mevkiindeki alanlar\u0131n ge\u00e7mi\u015f y\u0131llarda defineciler taraf\u0131ndan kaz\u0131larak tahrip edildi\u011fini belirtti. B\u00f6lgenin yeniden d\u00fczenlenmesi ve korunmas\u0131 gerekti\u011fini ifade eden G\u00f6k, yetkililerden destek istedi.<br \/><\/p>\n","protected":false},"excerpt":{"rendered":"<p>Mu\u011fla\u2019n\u0131n Yata\u011fan il\u00e7esine ba\u011fl\u0131 Do\u011fank\u00f6y Mahallesi\u2019nde, bin y\u0131ll\u0131k &#8220;Ya\u011fmur Duas\u0131&#8221; gelene\u011fi ya\u015fat\u0131lmaya devam ediyor. Bahar ay\u0131nda ve kurakl\u0131k d\u00f6nemlerinde ya\u011fmur dualar\u0131, b\u00f6lge halk\u0131n\u0131n k\u00fclt\u00fcrel ba\u011flar\u0131n\u0131 ya\u015fatmas\u0131 a\u00e7\u0131s\u0131ndan b\u00fcy\u00fck \u00f6nem ta\u015f\u0131yor. Do\u011fank\u00f6y Mahalle Muhtar\u0131 Durmu\u015f G\u00f6k, t\u00f6renlerin mahallede &#8220;Domuzdam\u0131 Ereni&#8221; olarak bilinen mevkide ger\u00e7ekle\u015ftirildi\u011fini belirterek, gelene\u011fin as\u0131rlatd\u0131r devam etti\u011fini belirtti. G\u00f6k, atalar\u0131ndan miras kalan bu uygulamay\u0131&#8230;<\/p>\n","protected":false},"author":1,"featured_media":74738,"comment_status":"open","ping_status":"open","sticky":false,"template":"","format":"standard","meta":{"_crdt_document":"","footnotes":""},"categories":[1],"tags":[],"class_list":["post-74737","post","type-post","status-publish","format-standard","has-post-thumbnail","hentry","category-guncel"],"_links":{"self":[{"href":"https:\/\/www.egemtv.com\/index.php?rest_route=\/wp\/v2\/posts\/74737","targetHints":{"allow":["GET"]}}],"collection":[{"href":"https:\/\/www.egemtv.com\/index.php?rest_route=\/wp\/v2\/posts"}],"about":[{"href":"https:\/\/www.egemtv.com\/index.php?rest_route=\/wp\/v2\/types\/post"}],"author":[{"embeddable":true,"href":"https:\/\/www.egemtv.com\/index.php?rest_route=\/wp\/v2\/users\/1"}],"replies":[{"embeddable":true,"href":"https:\/\/www.egemtv.com\/index.php?rest_route=%2Fwp%2Fv2%2Fcomments&post=74737"}],"version-history":[{"count":1,"href":"https:\/\/www.egemtv.com\/index.php?rest_route=\/wp\/v2\/posts\/74737\/revisions"}],"predecessor-version":[{"id":74739,"href":"https:\/\/www.egemtv.com\/index.php?rest_route=\/wp\/v2\/posts\/74737\/revisions\/74739"}],"wp:featuredmedia":[{"embeddable":true,"href":"https:\/\/www.egemtv.com\/index.php?rest_route=\/wp\/v2\/media\/74738"}],"wp:attachment":[{"href":"https:\/\/www.egemtv.com\/index.php?rest_route=%2Fwp%2Fv2%2Fmedia&parent=74737"}],"wp:term":[{"taxonomy":"category","embeddable":true,"href":"https:\/\/www.egemtv.com\/index.php?rest_route=%2Fwp%2Fv2%2Fcategories&post=74737"},{"taxonomy":"post_tag","embeddable":true,"href":"https:\/\/www.egemtv.com\/index.php?rest_route=%2Fwp%2Fv2%2Ftags&post=74737"}],"curies":[{"name":"wp","href":"https:\/\/api.w.org\/{rel}","templated":true}]}}