{"id":74734,"date":"2025-12-17T13:34:51","date_gmt":"2025-12-17T10:34:51","guid":{"rendered":"https:\/\/www.egemtv.com\/?p=74734"},"modified":"2025-12-17T13:34:52","modified_gmt":"2025-12-17T10:34:52","slug":"yanginda-hayatini-kaybeden-kardeslerin-adi-bodrumda-kutuphane-ile-yasatiliyor","status":"publish","type":"post","link":"https:\/\/www.egemtv.com\/?p=74734","title":{"rendered":"Yang\u0131nda hayat\u0131n\u0131 kaybeden karde\u015flerin ad\u0131 Bodrum\u2019da k\u00fct\u00fcphane ile ya\u015fat\u0131l\u0131yor"},"content":{"rendered":"<p>Bolu Kartalkaya\u2019daki Grand Kartal Otel\u2019de 21 Ocak 2025 tarihinde meydana gelen yang\u0131nda, babalar\u0131yla birlikte hayatlar\u0131n\u0131 kaybeden Nehir ve Doruk Sar\u0131ta\u015f karde\u015flerin adlar\u0131, Mu\u011fla\u2019n\u0131n Bodrum il\u00e7esinde kurulan bir k\u00fct\u00fcphane ile ya\u015fat\u0131l\u0131yor.<\/p>\n<p>Sar\u0131ta\u015f karde\u015flerin annesi ve hay\u0131rsever Duygu Can taraf\u0131ndan, Bodrum\u2019un Mumcular Mahallesi\u2019nde bulunan Fuat Erten Okulu\u2019nda yapt\u0131r\u0131lan k\u00fct\u00fcphane, d\u00fczenlenen t\u00f6renle a\u00e7\u0131ld\u0131. A\u00e7\u0131l\u0131\u015fa Bodrum Kaymakam\u0131 Ali S\u0131rmal\u0131, Bodrum Belediye Ba\u015fkan\u0131 Tamer Mandalinci ile Bodrum \u0130l\u00e7e Milli E\u011fitim M\u00fcd\u00fcr\u00fc Aslan Korkmaz kat\u0131ld\u0131.  Duygusal anlar\u0131n ya\u015fand\u0131\u011f\u0131 a\u00e7\u0131l\u0131\u015fta, k\u00fct\u00fcphanenin yaln\u0131zca bir e\u011fitim alan\u0131 olmad\u0131\u011f\u0131, ayn\u0131 zamanda sevgi, dayan\u0131\u015fma ve umudun simgesi oldu\u011fu vurguland\u0131. Okul y\u00f6netimi, veliler ve \u00f6\u011frenciler, bu anlaml\u0131 katk\u0131dan dolay\u0131 Duygu Can\u2019a te\u015fekk\u00fcr etti.<\/p>\n<p>Yeni k\u00fct\u00fcphanenin, Bodrum Mumcular Fuat Erten Okulu\u2019nda e\u011fitim \u00f6\u011fretim g\u00f6ren \u00f6\u011frencilerin e\u011fitim hayat\u0131na uzun y\u0131llar katk\u0131 sa\u011flamas\u0131 bekleniyor.<br \/><\/p>\n","protected":false},"excerpt":{"rendered":"<p>Bolu Kartalkaya\u2019daki Grand Kartal Otel\u2019de 21 Ocak 2025 tarihinde meydana gelen yang\u0131nda, babalar\u0131yla birlikte hayatlar\u0131n\u0131 kaybeden Nehir ve Doruk Sar\u0131ta\u015f karde\u015flerin adlar\u0131, Mu\u011fla\u2019n\u0131n Bodrum il\u00e7esinde kurulan bir k\u00fct\u00fcphane ile ya\u015fat\u0131l\u0131yor. Sar\u0131ta\u015f karde\u015flerin annesi ve hay\u0131rsever Duygu Can taraf\u0131ndan, Bodrum\u2019un Mumcular Mahallesi\u2019nde bulunan Fuat Erten Okulu\u2019nda yapt\u0131r\u0131lan k\u00fct\u00fcphane, d\u00fczenlenen t\u00f6renle a\u00e7\u0131ld\u0131. A\u00e7\u0131l\u0131\u015fa Bodrum Kaymakam\u0131 Ali S\u0131rmal\u0131,&#8230;<\/p>\n","protected":false},"author":1,"featured_media":74735,"comment_status":"open","ping_status":"open","sticky":false,"template":"","format":"standard","meta":{"_crdt_document":"","footnotes":""},"categories":[123],"tags":[],"class_list":["post-74734","post","type-post","status-publish","format-standard","has-post-thumbnail","hentry","category-gundem"],"_links":{"self":[{"href":"https:\/\/www.egemtv.com\/index.php?rest_route=\/wp\/v2\/posts\/74734","targetHints":{"allow":["GET"]}}],"collection":[{"href":"https:\/\/www.egemtv.com\/index.php?rest_route=\/wp\/v2\/posts"}],"about":[{"href":"https:\/\/www.egemtv.com\/index.php?rest_route=\/wp\/v2\/types\/post"}],"author":[{"embeddable":true,"href":"https:\/\/www.egemtv.com\/index.php?rest_route=\/wp\/v2\/users\/1"}],"replies":[{"embeddable":true,"href":"https:\/\/www.egemtv.com\/index.php?rest_route=%2Fwp%2Fv2%2Fcomments&post=74734"}],"version-history":[{"count":1,"href":"https:\/\/www.egemtv.com\/index.php?rest_route=\/wp\/v2\/posts\/74734\/revisions"}],"predecessor-version":[{"id":74736,"href":"https:\/\/www.egemtv.com\/index.php?rest_route=\/wp\/v2\/posts\/74734\/revisions\/74736"}],"wp:featuredmedia":[{"embeddable":true,"href":"https:\/\/www.egemtv.com\/index.php?rest_route=\/wp\/v2\/media\/74735"}],"wp:attachment":[{"href":"https:\/\/www.egemtv.com\/index.php?rest_route=%2Fwp%2Fv2%2Fmedia&parent=74734"}],"wp:term":[{"taxonomy":"category","embeddable":true,"href":"https:\/\/www.egemtv.com\/index.php?rest_route=%2Fwp%2Fv2%2Fcategories&post=74734"},{"taxonomy":"post_tag","embeddable":true,"href":"https:\/\/www.egemtv.com\/index.php?rest_route=%2Fwp%2Fv2%2Ftags&post=74734"}],"curies":[{"name":"wp","href":"https:\/\/api.w.org\/{rel}","templated":true}]}}