{"id":74731,"date":"2025-12-17T13:34:49","date_gmt":"2025-12-17T10:34:49","guid":{"rendered":"https:\/\/www.egemtv.com\/?p=74731"},"modified":"2025-12-17T13:34:50","modified_gmt":"2025-12-17T10:34:50","slug":"aydinli-90-yasindaki-sarraf-bezirgan-durustluk-is-hayatinin-altin-anahtaridir","status":"publish","type":"post","link":"https:\/\/www.egemtv.com\/?p=74731","title":{"rendered":"Ayd\u0131nl\u0131 90 ya\u015f\u0131ndaki sarraf Bezirgan: &#8220;D\u00fcr\u00fcstl\u00fck, i\u015f hayat\u0131n\u0131n alt\u0131n anahtar\u0131d\u0131r&#8221;"},"content":{"rendered":"<p>Ayd\u0131n\u2019\u0131n en eski sarraflar\u0131ndan 90 ya\u015f\u0131ndaki Necdet Bezirgan, yar\u0131m asr\u0131 a\u015fan meslek hayat\u0131nda terzilikten \u00e7ift\u00e7ili\u011fe, minib\u00fcs\u00e7\u00fcl\u00fckten sarrafl\u0131\u011fa uzanan \u00e7al\u0131\u015fma ser\u00fcveninde ba\u015far\u0131ya giden yolun \u2019d\u00fcr\u00fcstl\u00fckten\u2019 ge\u00e7ti\u011fini belirterek, &#8220;D\u00fcr\u00fcstl\u00fck, i\u015f hayat\u0131n\u0131n alt\u0131n anahtar\u0131d\u0131r&#8221; dedi.<\/p>\n<p>\u0130\u015f hayat\u0131na erken ya\u015fta \u00e7al\u0131\u015farak ba\u015flad\u0131\u011f\u0131n\u0131 anlatan 90 ya\u015f\u0131ndaki Necdet Bezirgan, meslek yolculu\u011funun tek bir i\u015fle s\u0131n\u0131rl\u0131 kalmad\u0131\u011f\u0131n\u0131 dile getirdi. \u0130lk olarak Yenipazar il\u00e7esinde 15 y\u0131l boyunca terzilik yapt\u0131\u011f\u0131n\u0131 ard\u0131ndan da 2 y\u0131l \u00e7ift\u00e7ilikle u\u011fra\u015ft\u0131\u011f\u0131n\u0131 ifade eden Bezirgan, 9 y\u0131l da minib\u00fcs \u015fof\u00f6rl\u00fc\u011f\u00fc yapt\u0131\u011f\u0131n\u0131 s\u00f6yledi. \u015eimdilerde o\u011fluna devretti\u011fi sarrafl\u0131\u011fa ise 1980\u2019li y\u0131l\u0131nda ad\u0131m att\u0131\u011f\u0131n\u0131 belirten Bezirgan, o d\u00f6nem meslekta\u015flar\u0131n\u0131n kendisine b\u00fcy\u00fck bir vefa \u00f6rne\u011fi g\u00f6sterdi\u011fini belirterek kendilerine mesle\u011fi \u00f6\u011frenmek i\u00e7in \u00fccret teklif etti\u011fini ancak ustas\u0131n\u0131n bunu kabul etmeden \u2019bu mesle\u011fi sana \u00f6\u011fretece\u011fiz\u2019 diyerek kendisine yeni bir kap\u0131 a\u00e7t\u0131klar\u0131n\u0131 kaydetti.<\/p>\n<p>Kendisine yakla\u015f\u0131k yar\u0131m as\u0131rd\u0131r i\u015f kap\u0131s\u0131 olan sarrafl\u0131\u011f\u0131 \u00f6\u011freten ustas\u0131n\u0131 sayg\u0131yla anan Necdet Bezirgan, &#8220;\u0130lk \u00f6nce 15 sene Yenipazar il\u00e7esinde terzilik yapt\u0131m, sonras\u0131nda 2 sene \u00e7ift\u00e7ilik ile u\u011fra\u015ft\u0131m. 9 sene minib\u00fcs\u00e7\u00fcl\u00fck yapt\u0131m ve ard\u0131ndan bu mesle\u011fe at\u0131ld\u0131m. 1980 y\u0131l\u0131nda bu mesle\u011fi \u00f6\u011frenmek i\u00e7in ustam\u0131n yan\u0131nda sarrafl\u0131\u011fa ba\u015flad\u0131m. Sa\u011f olsunlar sarraf arkada\u015flar \u2019bu mesle\u011fi sana \u00f6\u011fretece\u011fiz\u2019 deyip \u00f6\u011frettiler. Mesle\u011fi \u00f6\u011fretmeleri kar\u015f\u0131l\u0131\u011f\u0131nda para teklif etsem de onlar almayacaklar\u0131n\u0131 s\u00f6yleyip bana yard\u0131mc\u0131 oldular. O g\u00fcnden bu yana sarrafl\u0131k yap\u0131yorum. Ayd\u0131n\u2019\u0131n il\u00e7elerindeki pazarlara giderek seyyar sarrafl\u0131k yapt\u0131m. Sonras\u0131nda i\u015f yerimi a\u00e7arak bu g\u00fcnlere kadar geldim. Bu mesle\u011fi \u00f6\u011freten ustam\u0131 sayg\u0131yla an\u0131yorum, Allah bana yard\u0131mc\u0131 olan herkesten raz\u0131 olsun&#8221; dedi.<\/p>\n<p>Art\u0131k bayra\u011f\u0131 o\u011flu Hakan Bezirgan\u2019a devretti\u011fini ama i\u015f yerinden de kopamad\u0131\u011f\u0131n\u0131 kaydeden Bezirgan, &#8220;O\u011flum \u0130zmir Ege \u00dcniversitesi\u2019nden mezun oldu. Mezuniyetinin hemen ard\u0131ndan o\u011fluma, \u2019sermaye haz\u0131r, i\u015f haz\u0131r, m\u00fc\u015fteri haz\u0131r gel i\u015finin ba\u015f\u0131na ge\u00e7\u2019 dedim. O da sa\u011f olsun k\u0131rmad\u0131 ve birlikte \u00e7al\u0131\u015ft\u0131k. Art\u0131k ya\u015f\u0131m ilerledi\u011fi i\u00e7in mesle\u011fi tamamen o\u011fluma b\u0131rakt\u0131m ama i\u015ften yine de kopam\u0131yorum. G\u00fcn\u00fcn belli saatleri gelip burada oluyorum. \u00c7ay\u0131m\u0131 i\u00e7er, gelen m\u00fc\u015fterilerle hal hat\u0131r sorar\u0131m. Bu d\u00fckkan benim i\u00e7in sadece bir i\u015f yeri de\u011fil, \u00f6mr\u00fcm\u00fcn ge\u00e7ti\u011fi yer. Evde otursam i\u00e7im s\u0131k\u0131l\u0131r, buraya gelince kendimi hala i\u015fe yarar hissediyorum&#8221; diye konu\u015ftu.<\/p>\n<p>&#8220;D\u00fcr\u00fcstl\u00fck vazge\u00e7ilmezim&#8221;<br \/>\n<br \/>Y\u0131llar boyunca kazanc\u0131n\u0131 da kayb\u0131n\u0131 da d\u00fcr\u00fcstl\u00fckle kar\u015f\u0131lad\u0131\u011f\u0131n\u0131 belirten Bezirgan, k\u0131sa yoldan para kazanma hevesinin insan\u0131 hem mesle\u011finden hem itibar\u0131ndan etti\u011fini s\u00f6yledi. D\u00fcr\u00fcstl\u00fc\u011f\u00fcn kendisi i\u00e7in vazge\u00e7ilmez oldu\u011funu vurgulayan Bezirgan, &#8220;Benim bu hayatta en b\u00fcy\u00fck sermayem d\u00fcr\u00fcstl\u00fc\u011f\u00fcm oldu. D\u00fcr\u00fcstl\u00fck vazge\u00e7ilmezimdir. \u0130nsan yapt\u0131\u011f\u0131 i\u015fi sevecek ama ondan \u00f6nce do\u011fru olacak. Ustas\u0131na sayg\u0131s\u0131 olmayan\u0131n, i\u015fine de sayg\u0131s\u0131 olmaz. Bazen zarar ettik, bazen \u00e7ok kazand\u0131k ama hi\u00e7 bir zaman hi\u00e7 bir kimseye yanl\u0131\u015f yapmad\u0131k. \u0130nsan do\u011fru olduktan sonra ba\u015f\u0131 dik gezer, geceleri de rahat uyur&#8221; diye konu\u015ftu. Gen\u00e7lere alt\u0131n de\u011ferinde \u00f6\u011f\u00fctte bulunan Bezirgan, &#8220;Paray\u0131 de\u011fil, itibar\u0131 d\u00fc\u015f\u00fcn\u00fcn. Para bug\u00fcn var yar\u0131n yok ama d\u00fcr\u00fcstl\u00fck bir kere kaybolursa bir daha yerine gelmez&#8221; ifadelerini kulland\u0131.<br \/><\/p>\n","protected":false},"excerpt":{"rendered":"<p>Ayd\u0131n\u2019\u0131n en eski sarraflar\u0131ndan 90 ya\u015f\u0131ndaki Necdet Bezirgan, yar\u0131m asr\u0131 a\u015fan meslek hayat\u0131nda terzilikten \u00e7ift\u00e7ili\u011fe, minib\u00fcs\u00e7\u00fcl\u00fckten sarrafl\u0131\u011fa uzanan \u00e7al\u0131\u015fma ser\u00fcveninde ba\u015far\u0131ya giden yolun \u2019d\u00fcr\u00fcstl\u00fckten\u2019 ge\u00e7ti\u011fini belirterek, &#8220;D\u00fcr\u00fcstl\u00fck, i\u015f hayat\u0131n\u0131n alt\u0131n anahtar\u0131d\u0131r&#8221; dedi. \u0130\u015f hayat\u0131na erken ya\u015fta \u00e7al\u0131\u015farak ba\u015flad\u0131\u011f\u0131n\u0131 anlatan 90 ya\u015f\u0131ndaki Necdet Bezirgan, meslek yolculu\u011funun tek bir i\u015fle s\u0131n\u0131rl\u0131 kalmad\u0131\u011f\u0131n\u0131 dile getirdi. \u0130lk olarak Yenipazar&#8230;<\/p>\n","protected":false},"author":1,"featured_media":74732,"comment_status":"open","ping_status":"open","sticky":false,"template":"","format":"standard","meta":{"_crdt_document":"","footnotes":""},"categories":[1],"tags":[],"class_list":["post-74731","post","type-post","status-publish","format-standard","has-post-thumbnail","hentry","category-guncel"],"_links":{"self":[{"href":"https:\/\/www.egemtv.com\/index.php?rest_route=\/wp\/v2\/posts\/74731","targetHints":{"allow":["GET"]}}],"collection":[{"href":"https:\/\/www.egemtv.com\/index.php?rest_route=\/wp\/v2\/posts"}],"about":[{"href":"https:\/\/www.egemtv.com\/index.php?rest_route=\/wp\/v2\/types\/post"}],"author":[{"embeddable":true,"href":"https:\/\/www.egemtv.com\/index.php?rest_route=\/wp\/v2\/users\/1"}],"replies":[{"embeddable":true,"href":"https:\/\/www.egemtv.com\/index.php?rest_route=%2Fwp%2Fv2%2Fcomments&post=74731"}],"version-history":[{"count":1,"href":"https:\/\/www.egemtv.com\/index.php?rest_route=\/wp\/v2\/posts\/74731\/revisions"}],"predecessor-version":[{"id":74733,"href":"https:\/\/www.egemtv.com\/index.php?rest_route=\/wp\/v2\/posts\/74731\/revisions\/74733"}],"wp:featuredmedia":[{"embeddable":true,"href":"https:\/\/www.egemtv.com\/index.php?rest_route=\/wp\/v2\/media\/74732"}],"wp:attachment":[{"href":"https:\/\/www.egemtv.com\/index.php?rest_route=%2Fwp%2Fv2%2Fmedia&parent=74731"}],"wp:term":[{"taxonomy":"category","embeddable":true,"href":"https:\/\/www.egemtv.com\/index.php?rest_route=%2Fwp%2Fv2%2Fcategories&post=74731"},{"taxonomy":"post_tag","embeddable":true,"href":"https:\/\/www.egemtv.com\/index.php?rest_route=%2Fwp%2Fv2%2Ftags&post=74731"}],"curies":[{"name":"wp","href":"https:\/\/api.w.org\/{rel}","templated":true}]}}