{"id":74701,"date":"2025-12-17T11:55:01","date_gmt":"2025-12-17T08:55:01","guid":{"rendered":"https:\/\/www.egemtv.com\/?p=74701"},"modified":"2025-12-17T11:55:02","modified_gmt":"2025-12-17T08:55:02","slug":"aydinda-arac-sayisi-664-bin-oldu","status":"publish","type":"post","link":"https:\/\/www.egemtv.com\/?p=74701","title":{"rendered":"Ayd\u0131n\u2019da ara\u00e7 say\u0131s\u0131 664 bin oldu"},"content":{"rendered":"<p>Ayd\u0131n\u2019da Kas\u0131m ay\u0131nda toplam ara\u00e7 say\u0131s\u0131 664 bin 631 oldu, 15 bin 583 arac\u0131n ise devri yap\u0131ld\u0131.<\/p>\n<p>T\u00fcrkiye \u0130statistik Kurumu (T\u00dc\u0130K) 2025 y\u0131l\u0131 Kas\u0131m ay\u0131 Motorlu Kara Ta\u015f\u0131tlar\u0131 \u0130statistikleri\u2019ni yay\u0131mlad\u0131. Bu \u00e7er\u00e7evede Ayd\u0131n\u2019da 2025 y\u0131l\u0131 Kas\u0131m ay\u0131nda ara\u00e7 say\u0131s\u0131 237 bin 856 otomobil, 11 bin 241 minib\u00fcs, 2 bin 783 otob\u00fcs, 89 bin 396 kamyonet, 10 bin 876 kamyon, 249 bin 584 motosiklet, bin 469 \u00f6zel ama\u00e7l\u0131 ta\u015f\u0131t ve 61 bin 426 trakt\u00f6r olmak \u00fczere toplam 664 bin 631 oldu.<\/p>\n<p>Ayd\u0131n\u2019da 2025 Kas\u0131m ay\u0131nda toplamda 15 bin 583 arac\u0131n ise devri yap\u0131ld\u0131. Bunlar\u0131n 7 bin 313\u2019\u00fc otomobil, 180\u2019i minib\u00fcs, 34\u2019\u00fc otob\u00fcs, 2 bin 6\u2019s\u0131 kamyonet, 151\u2019i kamyon, 5 bin 202\u2019si motosiklet, 20\u2019si \u00f6zel ama\u00e7l\u0131 ta\u015f\u0131t ve 677\u2019si trakt\u00f6r olarak ger\u00e7ekle\u015fti. Ayr\u0131ca 2025 Kas\u0131m ay\u0131nda 3 bin 38 arac\u0131n trafi\u011fe kayd\u0131 yap\u0131ld\u0131. Bunlar\u0131n bini otomobil, 4\u2019\u00fc minib\u00fcs, 10\u2019u otob\u00fcs, 281\u2019i kamyonet, 24\u2019\u00fc kamyon, bin 622\u2019si motosiklet, 3\u2019\u00fc \u00f6zel ama\u00e7l\u0131 ta\u015f\u0131t ve 94\u2019\u00fc trakt\u00f6r olarak ger\u00e7ekle\u015fti.<br \/><\/p>\n","protected":false},"excerpt":{"rendered":"<p>Ayd\u0131n\u2019da Kas\u0131m ay\u0131nda toplam ara\u00e7 say\u0131s\u0131 664 bin 631 oldu, 15 bin 583 arac\u0131n ise devri yap\u0131ld\u0131. T\u00fcrkiye \u0130statistik Kurumu (T\u00dc\u0130K) 2025 y\u0131l\u0131 Kas\u0131m ay\u0131 Motorlu Kara Ta\u015f\u0131tlar\u0131 \u0130statistikleri\u2019ni yay\u0131mlad\u0131. Bu \u00e7er\u00e7evede Ayd\u0131n\u2019da 2025 y\u0131l\u0131 Kas\u0131m ay\u0131nda ara\u00e7 say\u0131s\u0131 237 bin 856 otomobil, 11 bin 241 minib\u00fcs, 2 bin 783 otob\u00fcs, 89 bin 396 kamyonet,&#8230;<\/p>\n","protected":false},"author":1,"featured_media":74702,"comment_status":"open","ping_status":"open","sticky":false,"template":"","format":"standard","meta":{"_crdt_document":"","footnotes":""},"categories":[125],"tags":[],"class_list":["post-74701","post","type-post","status-publish","format-standard","has-post-thumbnail","hentry","category-ekonomi"],"_links":{"self":[{"href":"https:\/\/www.egemtv.com\/index.php?rest_route=\/wp\/v2\/posts\/74701","targetHints":{"allow":["GET"]}}],"collection":[{"href":"https:\/\/www.egemtv.com\/index.php?rest_route=\/wp\/v2\/posts"}],"about":[{"href":"https:\/\/www.egemtv.com\/index.php?rest_route=\/wp\/v2\/types\/post"}],"author":[{"embeddable":true,"href":"https:\/\/www.egemtv.com\/index.php?rest_route=\/wp\/v2\/users\/1"}],"replies":[{"embeddable":true,"href":"https:\/\/www.egemtv.com\/index.php?rest_route=%2Fwp%2Fv2%2Fcomments&post=74701"}],"version-history":[{"count":1,"href":"https:\/\/www.egemtv.com\/index.php?rest_route=\/wp\/v2\/posts\/74701\/revisions"}],"predecessor-version":[{"id":74703,"href":"https:\/\/www.egemtv.com\/index.php?rest_route=\/wp\/v2\/posts\/74701\/revisions\/74703"}],"wp:featuredmedia":[{"embeddable":true,"href":"https:\/\/www.egemtv.com\/index.php?rest_route=\/wp\/v2\/media\/74702"}],"wp:attachment":[{"href":"https:\/\/www.egemtv.com\/index.php?rest_route=%2Fwp%2Fv2%2Fmedia&parent=74701"}],"wp:term":[{"taxonomy":"category","embeddable":true,"href":"https:\/\/www.egemtv.com\/index.php?rest_route=%2Fwp%2Fv2%2Fcategories&post=74701"},{"taxonomy":"post_tag","embeddable":true,"href":"https:\/\/www.egemtv.com\/index.php?rest_route=%2Fwp%2Fv2%2Ftags&post=74701"}],"curies":[{"name":"wp","href":"https:\/\/api.w.org\/{rel}","templated":true}]}}