{"id":74698,"date":"2025-12-17T11:55:00","date_gmt":"2025-12-17T08:55:00","guid":{"rendered":"https:\/\/www.egemtv.com\/?p=74698"},"modified":"2025-12-17T11:55:01","modified_gmt":"2025-12-17T08:55:01","slug":"kara-meyve-altin-siviya-donusuyor","status":"publish","type":"post","link":"https:\/\/www.egemtv.com\/?p=74698","title":{"rendered":"Kara meyve alt\u0131n s\u0131v\u0131ya d\u00f6n\u00fc\u015f\u00fcyor"},"content":{"rendered":"<p>Denizli\u2019de Ekim ay\u0131n\u0131n ilk g\u00fcnlerinde \u00fcretici taraf\u0131ndan ba\u015flayan zeytin toplama \u00e7al\u0131\u015fmalar\u0131 Ocak ay\u0131n\u0131n ortalar\u0131na dek devam ederken, Buldan Delice Zeytinya\u011f\u0131 i\u015fletmesine getirilen zeytinler yakla\u015f\u0131k bir saat i\u00e7erisinde alt\u0131n s\u0131v\u0131 olarak adland\u0131r\u0131lan zeytinya\u011f\u0131 haline getiriliyor.<\/p>\n<p>Denizli\u2019de Ekim ay\u0131n\u0131n ilk g\u00fcnlerinde \u00fcretici taraf\u0131ndan ba\u015flayan zeytin toplama \u00e7al\u0131\u015fmalar\u0131 Ocak ay\u0131n\u0131n ortalar\u0131na dek devam ederken, Buldan Delice Zeytinya\u011f\u0131 i\u015fletmesine getirilen zeytinler yakla\u015f\u0131k bir saat i\u00e7erisinde alt\u0131n s\u0131v\u0131 olarak adland\u0131r\u0131lan zeytinya\u011f\u0131 haline getiriliyor. \u00c7uvallar veya kasalara doldurulan geneli Gemlik t\u00fcr\u00fc zeytinler tart\u0131larla \u00f6l\u00e7\u00fclerek zeytinya\u011f\u0131 i\u015fletmesine teslim ediliyor. Zeytin hasad\u0131n\u0131n yo\u011fun bir \u015fekilde devam etti\u011fi bug\u00fcnlerde zeytinya\u011f\u0131 fabrikalar\u0131nda hummal\u0131 \u00e7al\u0131\u015fmalar ger\u00e7ekle\u015fiyor.<\/p>\n<p>&#8220;\u00dcretim anlam\u0131nda verimden memnunuz&#8221;<br \/>\n<br \/>Buldan Bozalan mahallesinde zeytin \u00fcreticili\u011fi yapan Mehmet Ali Ta\u015fl\u0131, bu y\u0131l zeytin veriminin ge\u00e7ti\u011fimiz y\u0131lla oranla yakla\u015f\u0131k ayn\u0131 durumda seyretti\u011fini dile getirerek, &#8220;\u00dcretim anlam\u0131nda verimden memnunuz. Zeytinlerimizi i\u015fleme tesisimize teslim ettik. Zeytin y\u00fczy\u0131llar boyu tarihte b\u00fcy\u00fck \u00f6nem arz etmektedir. Bar\u0131\u015f\u0131n ve bereketin simgesidir. Ege ve Akdeniz bitkisidir. Verimin artmas\u0131 i\u00e7in d\u00fczenli olarak halk aras\u0131nda bordo bulamac\u0131 denilen bak\u0131r s\u00fclfat verilmesi halinde istenilen neticeyi alabiliyoruz. Bu i\u015flemler d\u00fczenli periyotlarla uygulan\u0131rsa erken don olaylar\u0131na ve kurtla m\u00fccadelede etkili oluyor. Yap\u0131lan m\u00fccadele ile \u00fcreticimizin y\u00fcz\u00fcn\u00fc g\u00fcler. Kurakl\u0131ktan dolay\u0131 pek \u00e7ok bitki ve hayvan\u0131n olumsuz etkilendi\u011fini g\u00f6r\u00fcyoruz. Devletimiz ve yard\u0131m kurulu\u015flar\u0131 t\u00fcm T\u00fcrkiye\u2019de etkili \u00e7al\u0131\u015fmalar y\u00fcr\u00fct\u00fcyor. \u00dclkemizde su havzalar\u0131n\u0131n korunmas\u0131 gerekti\u011fine inan\u0131yorum&#8221; dedi.<\/p>\n<p>&#8220;Bu y\u0131l zeytin veriminin \u00e7ok iyi olmas\u0131ndan dolay\u0131 5 ila 6 kilogram zeytinden 1 kilogram zeytinya\u011f\u0131 elde ediliyor&#8221;<br \/>\n<br \/>1 Ekim itibariyle \u00fcreticilerin toplad\u0131klar\u0131 zeytini Delice Zeytinya\u011f\u0131 i\u015fletmesine getirdiklerini dile getiren i\u015fletme \u00e7al\u0131\u015fan\u0131 Duran \u0130ncek\u0131z; &#8221; G\u00fcnl\u00fck 80 ton i\u015fleme kapasitesine sahibiz. Gelen zeytinleri temiz suyla y\u0131kayarak kazana g\u00f6nderiyoruz. Kazanda hamur k\u0131vam\u0131na gelen zeytinler daha sonra ya\u011f\u0131 ve \u00e7ekirde\u011fi ayr\u0131larak filtreleme i\u015flemine ge\u00e7iyor. Yap\u0131lan i\u015flemlerin ard\u0131ndan kara meyve berrak bir \u015fekilde alt\u0131n s\u0131v\u0131ya d\u00f6n\u00fc\u015f\u00fcyor. M\u00fc\u015fterilerimiz g\u00f6zleriyle g\u00f6rerek zeytinya\u011flar\u0131n\u0131 teslim al\u0131yor. Bu y\u0131l zeytin veriminin \u00e7ok iyi olmas\u0131ndan dolay\u0131 5 ila 6 kilogram zeytinden 1 kilogram zeytinya\u011f\u0131 elde ediliyor. M\u00fc\u015fterilerimizi memnun etmek i\u00e7in elimizden gelen t\u00fcm gayreti g\u00f6steriyoruz. \u00dcreticilerimize bereketli \u00fcr\u00fcnler temenni ediyorum&#8221; diye konu\u015ftu.<br \/><\/p>\n","protected":false},"excerpt":{"rendered":"<p>Denizli\u2019de Ekim ay\u0131n\u0131n ilk g\u00fcnlerinde \u00fcretici taraf\u0131ndan ba\u015flayan zeytin toplama \u00e7al\u0131\u015fmalar\u0131 Ocak ay\u0131n\u0131n ortalar\u0131na dek devam ederken, Buldan Delice Zeytinya\u011f\u0131 i\u015fletmesine getirilen zeytinler yakla\u015f\u0131k bir saat i\u00e7erisinde alt\u0131n s\u0131v\u0131 olarak adland\u0131r\u0131lan zeytinya\u011f\u0131 haline getiriliyor. Denizli\u2019de Ekim ay\u0131n\u0131n ilk g\u00fcnlerinde \u00fcretici taraf\u0131ndan ba\u015flayan zeytin toplama \u00e7al\u0131\u015fmalar\u0131 Ocak ay\u0131n\u0131n ortalar\u0131na dek devam ederken, Buldan Delice Zeytinya\u011f\u0131 i\u015fletmesine&#8230;<\/p>\n","protected":false},"author":1,"featured_media":74699,"comment_status":"open","ping_status":"open","sticky":false,"template":"","format":"standard","meta":{"_crdt_document":"","footnotes":""},"categories":[125],"tags":[],"class_list":["post-74698","post","type-post","status-publish","format-standard","has-post-thumbnail","hentry","category-ekonomi"],"_links":{"self":[{"href":"https:\/\/www.egemtv.com\/index.php?rest_route=\/wp\/v2\/posts\/74698","targetHints":{"allow":["GET"]}}],"collection":[{"href":"https:\/\/www.egemtv.com\/index.php?rest_route=\/wp\/v2\/posts"}],"about":[{"href":"https:\/\/www.egemtv.com\/index.php?rest_route=\/wp\/v2\/types\/post"}],"author":[{"embeddable":true,"href":"https:\/\/www.egemtv.com\/index.php?rest_route=\/wp\/v2\/users\/1"}],"replies":[{"embeddable":true,"href":"https:\/\/www.egemtv.com\/index.php?rest_route=%2Fwp%2Fv2%2Fcomments&post=74698"}],"version-history":[{"count":1,"href":"https:\/\/www.egemtv.com\/index.php?rest_route=\/wp\/v2\/posts\/74698\/revisions"}],"predecessor-version":[{"id":74700,"href":"https:\/\/www.egemtv.com\/index.php?rest_route=\/wp\/v2\/posts\/74698\/revisions\/74700"}],"wp:featuredmedia":[{"embeddable":true,"href":"https:\/\/www.egemtv.com\/index.php?rest_route=\/wp\/v2\/media\/74699"}],"wp:attachment":[{"href":"https:\/\/www.egemtv.com\/index.php?rest_route=%2Fwp%2Fv2%2Fmedia&parent=74698"}],"wp:term":[{"taxonomy":"category","embeddable":true,"href":"https:\/\/www.egemtv.com\/index.php?rest_route=%2Fwp%2Fv2%2Fcategories&post=74698"},{"taxonomy":"post_tag","embeddable":true,"href":"https:\/\/www.egemtv.com\/index.php?rest_route=%2Fwp%2Fv2%2Ftags&post=74698"}],"curies":[{"name":"wp","href":"https:\/\/api.w.org\/{rel}","templated":true}]}}