{"id":74689,"date":"2025-12-17T11:14:58","date_gmt":"2025-12-17T08:14:58","guid":{"rendered":"https:\/\/www.egemtv.com\/?p=74689"},"modified":"2025-12-17T11:14:59","modified_gmt":"2025-12-17T08:14:59","slug":"aydin-lisesinde-sanal-gerceklik-donemi-basladi","status":"publish","type":"post","link":"https:\/\/www.egemtv.com\/?p=74689","title":{"rendered":"Ayd\u0131n Lisesi\u2019nde sanal ger\u00e7eklik d\u00f6nemi ba\u015flad\u0131"},"content":{"rendered":"<p>Ayd\u0131n Lisesi\u2019nde Co\u011frafya dersi \u00f6\u011frenciler i\u00e7in unutulmaz ve ilham verici bir \u00f6\u011frenme deneyimine d\u00f6n\u00fc\u015f\u00fcrken, AD\u00dc E\u011fitim Fak\u00fcltesi Sosyal Bilgiler E\u011fitimi Anabilim Dal\u0131\u2019ndan Ar\u015f. G\u00f6r. Alaattin Ar\u0131kan, sanal ger\u00e7eklik (VR) teknolojisini derse entegre ederek 10. s\u0131n\u0131f \u00f6\u011frencilere gelece\u011fin e\u011fitim anlay\u0131\u015f\u0131n\u0131 sahaya ta\u015f\u0131yan \u00f6rnek bir uygulama sundu.<\/p>\n<p>Ayd\u0131n Lisesi \u00f6\u011frencileri mekansal kavramlar\u0131 \u00fc\u00e7 boyutlu ortamda ke\u015ffetme, etkile\u015fimli uygulamalarla \u00f6\u011frenme s\u00fcrecine aktif olarak kat\u0131lma ve medya i\u00e7eriklerini ger\u00e7ek\u00e7i sim\u00fclasyonlar \u00fczerinden analiz etme imkan\u0131 buldu. Co\u011frafya dersi, klasik anlat\u0131m\u0131n \u00f6tesine ge\u00e7erek \u00f6\u011frencilerin ilgisini ve \u00f6\u011frenme kal\u0131c\u0131l\u0131\u011f\u0131n\u0131 art\u0131ran \u00e7ok boyutlu bir deneyime d\u00f6n\u00fc\u015ft\u00fc. Ayd\u0131n Lisesi\u2019nin k\u00f6kl\u00fc e\u011fitim gelene\u011fi ile \u00e7a\u011fda\u015f ve yenilik\u00e7i yakla\u015f\u0131mlar\u0131n bulu\u015ftu\u011fu \u00e7al\u0131\u015fma, \u00f6\u011frencilerin derse olan motivasyonunu ve merak duygusunu \u00f6nemli \u00f6l\u00e7\u00fcde art\u0131rd\u0131.<\/p>\n<p>Ayd\u0131n Lisesi M\u00fcd\u00fcr\u00fc Serkan Akyol, projenin hayata ge\u00e7irilmesinde katk\u0131 sunan AD\u00dc E\u011fitim Fak\u00fcltesi Dekan\u0131 Prof. Dr. Yal\u00e7\u0131n \u00d6zdemir\u2019e ve uygulamay\u0131 ba\u015far\u0131yla ger\u00e7ekle\u015ftiren Ar\u015f. G\u00f6r. Alaattin Ar\u0131kan\u2019a te\u015fekk\u00fcr etti.<br \/><\/p>\n","protected":false},"excerpt":{"rendered":"<p>Ayd\u0131n Lisesi\u2019nde Co\u011frafya dersi \u00f6\u011frenciler i\u00e7in unutulmaz ve ilham verici bir \u00f6\u011frenme deneyimine d\u00f6n\u00fc\u015f\u00fcrken, AD\u00dc E\u011fitim Fak\u00fcltesi Sosyal Bilgiler E\u011fitimi Anabilim Dal\u0131\u2019ndan Ar\u015f. G\u00f6r. Alaattin Ar\u0131kan, sanal ger\u00e7eklik (VR) teknolojisini derse entegre ederek 10. s\u0131n\u0131f \u00f6\u011frencilere gelece\u011fin e\u011fitim anlay\u0131\u015f\u0131n\u0131 sahaya ta\u015f\u0131yan \u00f6rnek bir uygulama sundu. Ayd\u0131n Lisesi \u00f6\u011frencileri mekansal kavramlar\u0131 \u00fc\u00e7 boyutlu ortamda ke\u015ffetme, etkile\u015fimli&#8230;<\/p>\n","protected":false},"author":1,"featured_media":74690,"comment_status":"open","ping_status":"open","sticky":false,"template":"","format":"standard","meta":{"_crdt_document":"","footnotes":""},"categories":[1],"tags":[],"class_list":["post-74689","post","type-post","status-publish","format-standard","has-post-thumbnail","hentry","category-guncel"],"_links":{"self":[{"href":"https:\/\/www.egemtv.com\/index.php?rest_route=\/wp\/v2\/posts\/74689","targetHints":{"allow":["GET"]}}],"collection":[{"href":"https:\/\/www.egemtv.com\/index.php?rest_route=\/wp\/v2\/posts"}],"about":[{"href":"https:\/\/www.egemtv.com\/index.php?rest_route=\/wp\/v2\/types\/post"}],"author":[{"embeddable":true,"href":"https:\/\/www.egemtv.com\/index.php?rest_route=\/wp\/v2\/users\/1"}],"replies":[{"embeddable":true,"href":"https:\/\/www.egemtv.com\/index.php?rest_route=%2Fwp%2Fv2%2Fcomments&post=74689"}],"version-history":[{"count":1,"href":"https:\/\/www.egemtv.com\/index.php?rest_route=\/wp\/v2\/posts\/74689\/revisions"}],"predecessor-version":[{"id":74691,"href":"https:\/\/www.egemtv.com\/index.php?rest_route=\/wp\/v2\/posts\/74689\/revisions\/74691"}],"wp:featuredmedia":[{"embeddable":true,"href":"https:\/\/www.egemtv.com\/index.php?rest_route=\/wp\/v2\/media\/74690"}],"wp:attachment":[{"href":"https:\/\/www.egemtv.com\/index.php?rest_route=%2Fwp%2Fv2%2Fmedia&parent=74689"}],"wp:term":[{"taxonomy":"category","embeddable":true,"href":"https:\/\/www.egemtv.com\/index.php?rest_route=%2Fwp%2Fv2%2Fcategories&post=74689"},{"taxonomy":"post_tag","embeddable":true,"href":"https:\/\/www.egemtv.com\/index.php?rest_route=%2Fwp%2Fv2%2Ftags&post=74689"}],"curies":[{"name":"wp","href":"https:\/\/api.w.org\/{rel}","templated":true}]}}