{"id":74674,"date":"2025-12-17T10:55:15","date_gmt":"2025-12-17T07:55:15","guid":{"rendered":"https:\/\/www.egemtv.com\/?p=74674"},"modified":"2025-12-17T10:55:16","modified_gmt":"2025-12-17T07:55:16","slug":"aydinda-jandarma-ekipleri-aranan-sahislara-goz-actirmadi","status":"publish","type":"post","link":"https:\/\/www.egemtv.com\/?p=74674","title":{"rendered":"Ayd\u0131n\u2019da jandarma ekipleri aranan \u015fah\u0131slara g\u00f6z a\u00e7t\u0131rmad\u0131"},"content":{"rendered":"<p>Ayd\u0131n\u2019\u0131n Ku\u015fadas\u0131 ve Yenipazar il\u00e7elerinde \u00e7e\u015fitli su\u00e7lardan haklar\u0131nda kesinle\u015fmi\u015f hapis cezalar\u0131 bulunan \u015fah\u0131slar k\u0131sk\u0131vrak yakalan\u0131rken, adli makamlara sevk edilen \u015fah\u0131slar tutuklanarak cezaevine g\u00f6nderildi.<\/p>\n<p>Ayd\u0131n\u2019da jandarma ekipleri vatanda\u015flar\u0131n huzur ve g\u00fcvenli\u011fi i\u00e7in \u00e7al\u0131\u015fmalar\u0131n\u0131 aral\u0131ks\u0131z s\u00fcrd\u00fcr\u00fcyor. Jandarma ekipleri ger\u00e7ekle\u015ftirdikleri ba\u015far\u0131l\u0131 operasyonlar\u0131na yenilerini ekleyerek aranan \u015fah\u0131slara g\u00f6z a\u00e7t\u0131rmad\u0131. Edinilen bilgiye g\u00f6re, Ayd\u0131n \u0130l Jandarma Komutanl\u0131\u011f\u0131 Ku\u015fadas\u0131 \u0130l\u00e7e Jandarma Komutanl\u0131\u011f\u0131 ekipleri taraf\u0131ndan yap\u0131lan operasyonda \u2019uyu\u015fturucu veya uyar\u0131c\u0131 madde imal ve ticareti yapmak veya sa\u011flamak\u2019 su\u00e7undan hakk\u0131nda 21 y\u0131l 3 ay kesinle\u015fmi\u015f hapis cezas\u0131 bulunan A.S. (32) isimli \u015fahs\u0131 yakaland\u0131.<\/p>\n<p>\u00d6te yandan Ayd\u0131n \u0130l Jandarma Komutanl\u0131\u011f\u0131 ve Yenipazar \u0130l\u00e7e Jandarma Komutanl\u0131\u011f\u0131 ekiplerince de, Yenipazar il\u00e7esinde hakk\u0131nda \u2019kasten \u00f6ld\u00fcrme\u2019 su\u00e7undan aranan ve hakk\u0131nda 8 y\u0131l 9 ay kesinle\u015fmi\u015f hapis cezas\u0131 bulunan Y.\u0130. (33) isimli \u015fah\u0131s yakalanarak g\u00f6zalt\u0131na al\u0131nd\u0131.<\/p>\n<p>Yakalanan \u015fah\u0131slar jandarmadaki i\u015flemlerinin ard\u0131ndan sevk edildikleri adli makamlarca tutuklanarak cezaevine g\u00f6nderildi.<br \/><\/p>\n","protected":false},"excerpt":{"rendered":"<p>Ayd\u0131n\u2019\u0131n Ku\u015fadas\u0131 ve Yenipazar il\u00e7elerinde \u00e7e\u015fitli su\u00e7lardan haklar\u0131nda kesinle\u015fmi\u015f hapis cezalar\u0131 bulunan \u015fah\u0131slar k\u0131sk\u0131vrak yakalan\u0131rken, adli makamlara sevk edilen \u015fah\u0131slar tutuklanarak cezaevine g\u00f6nderildi. Ayd\u0131n\u2019da jandarma ekipleri vatanda\u015flar\u0131n huzur ve g\u00fcvenli\u011fi i\u00e7in \u00e7al\u0131\u015fmalar\u0131n\u0131 aral\u0131ks\u0131z s\u00fcrd\u00fcr\u00fcyor. Jandarma ekipleri ger\u00e7ekle\u015ftirdikleri ba\u015far\u0131l\u0131 operasyonlar\u0131na yenilerini ekleyerek aranan \u015fah\u0131slara g\u00f6z a\u00e7t\u0131rmad\u0131. Edinilen bilgiye g\u00f6re, Ayd\u0131n \u0130l Jandarma Komutanl\u0131\u011f\u0131 Ku\u015fadas\u0131 \u0130l\u00e7e Jandarma&#8230;<\/p>\n","protected":false},"author":1,"featured_media":74675,"comment_status":"open","ping_status":"open","sticky":false,"template":"","format":"standard","meta":{"_crdt_document":"","footnotes":""},"categories":[5],"tags":[],"class_list":["post-74674","post","type-post","status-publish","format-standard","has-post-thumbnail","hentry","category-asayis"],"_links":{"self":[{"href":"https:\/\/www.egemtv.com\/index.php?rest_route=\/wp\/v2\/posts\/74674","targetHints":{"allow":["GET"]}}],"collection":[{"href":"https:\/\/www.egemtv.com\/index.php?rest_route=\/wp\/v2\/posts"}],"about":[{"href":"https:\/\/www.egemtv.com\/index.php?rest_route=\/wp\/v2\/types\/post"}],"author":[{"embeddable":true,"href":"https:\/\/www.egemtv.com\/index.php?rest_route=\/wp\/v2\/users\/1"}],"replies":[{"embeddable":true,"href":"https:\/\/www.egemtv.com\/index.php?rest_route=%2Fwp%2Fv2%2Fcomments&post=74674"}],"version-history":[{"count":1,"href":"https:\/\/www.egemtv.com\/index.php?rest_route=\/wp\/v2\/posts\/74674\/revisions"}],"predecessor-version":[{"id":74676,"href":"https:\/\/www.egemtv.com\/index.php?rest_route=\/wp\/v2\/posts\/74674\/revisions\/74676"}],"wp:featuredmedia":[{"embeddable":true,"href":"https:\/\/www.egemtv.com\/index.php?rest_route=\/wp\/v2\/media\/74675"}],"wp:attachment":[{"href":"https:\/\/www.egemtv.com\/index.php?rest_route=%2Fwp%2Fv2%2Fmedia&parent=74674"}],"wp:term":[{"taxonomy":"category","embeddable":true,"href":"https:\/\/www.egemtv.com\/index.php?rest_route=%2Fwp%2Fv2%2Fcategories&post=74674"},{"taxonomy":"post_tag","embeddable":true,"href":"https:\/\/www.egemtv.com\/index.php?rest_route=%2Fwp%2Fv2%2Ftags&post=74674"}],"curies":[{"name":"wp","href":"https:\/\/api.w.org\/{rel}","templated":true}]}}