{"id":74671,"date":"2025-12-17T10:55:14","date_gmt":"2025-12-17T07:55:14","guid":{"rendered":"https:\/\/www.egemtv.com\/?p=74671"},"modified":"2025-12-17T10:55:15","modified_gmt":"2025-12-17T07:55:15","slug":"su-icmeye-kalkti-alevlerle-burun-buruna-geldi","status":"publish","type":"post","link":"https:\/\/www.egemtv.com\/?p=74671","title":{"rendered":"Su i\u00e7meye kalkt\u0131, alevlerle burun buruna geldi"},"content":{"rendered":"<p>Ayd\u0131n\u2019\u0131n S\u00f6ke il\u00e7esinde bir evin mutfa\u011f\u0131nda gece saatlerinde \u00e7\u0131kan yang\u0131n, aile bireylerinden birinin su i\u00e7mek i\u00e7in uyanmas\u0131yla erken fark edildi. Yang\u0131n b\u00fcy\u00fcmeden s\u00f6nd\u00fcr\u00fcl\u00fcrken, dumandan etkilenen aile hastaneye kald\u0131r\u0131ld\u0131.<\/p>\n<p>Yang\u0131n, S\u00f6ke il\u00e7esi Fevzipa\u015fa Mahallesi Akkaya Caddesi\u2019nde bulunan bir evde sabaha kar\u015f\u0131 saat 04.30 s\u0131ralar\u0131nda meydana geldi. Edinilen bilgiye g\u00f6re M.D.\u2019ye ait evin mutfak b\u00f6l\u00fcm\u00fcnde hen\u00fcz bilinmeyen bir nedenle yang\u0131n \u00e7\u0131kt\u0131. Evde bulunan aile bireylerinden birinin su i\u00e7mek i\u00e7in uyanmas\u0131yla mutfakta y\u00fckselen duman fark edildi. Amerikan mutfak olarak kullan\u0131lan b\u00f6l\u00fcm\u00fcn kapal\u0131 olmas\u0131, alevlerin di\u011fer odalara s\u0131\u00e7ramas\u0131n\u0131 \u00f6nleyerek yang\u0131n\u0131n b\u00fcy\u00fcmesi engellenirken, yang\u0131n s\u0131ras\u0131nda evde anne ile birlikte 10, 12 ve 18 ya\u015flar\u0131nda \u00fc\u00e7 \u00e7ocu\u011fun bulundu\u011fu \u00f6\u011frenildi. \u0130hbar \u00fczerine olay yerine itfaiye, sa\u011fl\u0131k ve emniyet ekipleri sevk edildi. \u0130tfaiye ekiplerinin h\u0131zl\u0131 m\u00fcdahalesiyle yang\u0131n k\u0131sa s\u00fcrede kontrol alt\u0131na al\u0131nd\u0131. Yang\u0131n nedeniyle mutfakta bulunan beyaz e\u015fyalar ve dolaplar zarar g\u00f6r\u00fcrken, dumandan etkilenen aile fertleri tedbir ama\u00e7l\u0131 S\u00f6ke Fehime Faik Kocag\u00f6z Devlet Hastanesi\u2019ne kald\u0131r\u0131ld\u0131. Aile bireylerinin sa\u011fl\u0131k durumlar\u0131n\u0131n iyi oldu\u011fu \u00f6\u011frenildi. Olayda can kayb\u0131 ya da yaralanma ya\u015fanmazken, evde maddi hasar meydana geldi. Yang\u0131n\u0131n \u00e7\u0131k\u0131\u015f nedeninin belirlenmesi i\u00e7in inceleme ba\u015flat\u0131ld\u0131.<br \/><\/p>\n","protected":false},"excerpt":{"rendered":"<p>Ayd\u0131n\u2019\u0131n S\u00f6ke il\u00e7esinde bir evin mutfa\u011f\u0131nda gece saatlerinde \u00e7\u0131kan yang\u0131n, aile bireylerinden birinin su i\u00e7mek i\u00e7in uyanmas\u0131yla erken fark edildi. Yang\u0131n b\u00fcy\u00fcmeden s\u00f6nd\u00fcr\u00fcl\u00fcrken, dumandan etkilenen aile hastaneye kald\u0131r\u0131ld\u0131. Yang\u0131n, S\u00f6ke il\u00e7esi Fevzipa\u015fa Mahallesi Akkaya Caddesi\u2019nde bulunan bir evde sabaha kar\u015f\u0131 saat 04.30 s\u0131ralar\u0131nda meydana geldi. Edinilen bilgiye g\u00f6re M.D.\u2019ye ait evin mutfak b\u00f6l\u00fcm\u00fcnde hen\u00fcz bilinmeyen&#8230;<\/p>\n","protected":false},"author":1,"featured_media":74672,"comment_status":"open","ping_status":"open","sticky":false,"template":"","format":"standard","meta":{"_crdt_document":"","footnotes":""},"categories":[5],"tags":[],"class_list":["post-74671","post","type-post","status-publish","format-standard","has-post-thumbnail","hentry","category-asayis"],"_links":{"self":[{"href":"https:\/\/www.egemtv.com\/index.php?rest_route=\/wp\/v2\/posts\/74671","targetHints":{"allow":["GET"]}}],"collection":[{"href":"https:\/\/www.egemtv.com\/index.php?rest_route=\/wp\/v2\/posts"}],"about":[{"href":"https:\/\/www.egemtv.com\/index.php?rest_route=\/wp\/v2\/types\/post"}],"author":[{"embeddable":true,"href":"https:\/\/www.egemtv.com\/index.php?rest_route=\/wp\/v2\/users\/1"}],"replies":[{"embeddable":true,"href":"https:\/\/www.egemtv.com\/index.php?rest_route=%2Fwp%2Fv2%2Fcomments&post=74671"}],"version-history":[{"count":1,"href":"https:\/\/www.egemtv.com\/index.php?rest_route=\/wp\/v2\/posts\/74671\/revisions"}],"predecessor-version":[{"id":74673,"href":"https:\/\/www.egemtv.com\/index.php?rest_route=\/wp\/v2\/posts\/74671\/revisions\/74673"}],"wp:featuredmedia":[{"embeddable":true,"href":"https:\/\/www.egemtv.com\/index.php?rest_route=\/wp\/v2\/media\/74672"}],"wp:attachment":[{"href":"https:\/\/www.egemtv.com\/index.php?rest_route=%2Fwp%2Fv2%2Fmedia&parent=74671"}],"wp:term":[{"taxonomy":"category","embeddable":true,"href":"https:\/\/www.egemtv.com\/index.php?rest_route=%2Fwp%2Fv2%2Fcategories&post=74671"},{"taxonomy":"post_tag","embeddable":true,"href":"https:\/\/www.egemtv.com\/index.php?rest_route=%2Fwp%2Fv2%2Ftags&post=74671"}],"curies":[{"name":"wp","href":"https:\/\/api.w.org\/{rel}","templated":true}]}}