{"id":74668,"date":"2025-12-17T10:55:13","date_gmt":"2025-12-17T07:55:13","guid":{"rendered":"https:\/\/www.egemtv.com\/?p=74668"},"modified":"2025-12-17T10:55:14","modified_gmt":"2025-12-17T07:55:14","slug":"germencik-belediyesi-futbol-kurslari-yogun-ilgiyle-devam-ediyor","status":"publish","type":"post","link":"https:\/\/www.egemtv.com\/?p=74668","title":{"rendered":"Germencik Belediyesi futbol kurslar\u0131 yo\u011fun ilgiyle devam ediyor"},"content":{"rendered":"<p>Germencik Belediye Ba\u015fkan\u0131 Burak Zencirci, k\u0131z ve erkek futbol kurslar\u0131n\u0131n profesyonel e\u011fitmenler e\u015fli\u011finde t\u00fcm h\u0131z\u0131yla s\u00fcrd\u00fc\u011f\u00fcn\u00fc belirterek, \u00e7ocuklar\u0131n sporla sa\u011fl\u0131kl\u0131 bireyler olarak yeti\u015fmesini hedeflediklerini vurgulad\u0131.<\/p>\n<p>Germencik Belediyesi taraf\u0131ndan d\u00fczenlenen k\u0131z ve erkek futbol kurslar\u0131 yo\u011fun kat\u0131l\u0131mla devam ediyor. Profesyonel e\u011fitmenler e\u015fli\u011finde ger\u00e7ekle\u015ftirilen kurslarda, \u00e7ocuklar\u0131n bedensel ve fiziksel geli\u015fimlerinin desteklenmesi ama\u00e7lan\u0131yor. Germencik Belediye Ba\u015fkan\u0131 Burak Zencirci, futbol kurslar\u0131na ili\u015fkin yapt\u0131\u011f\u0131 a\u00e7\u0131klamada, sporun \u00e7ocuklar\u0131n hem fiziksel hem de ruhsal geli\u015fiminde \u00f6nemli bir rol oynad\u0131\u011f\u0131n\u0131 ifade etti. Ba\u015fkan Zencirci, &#8220;K\u0131z ve erkek futbol kurslar\u0131m\u0131z t\u00fcm h\u0131z\u0131yla devam ediyor. Amac\u0131m\u0131z, \u00e7ocuklar\u0131m\u0131z\u0131n bedensel ve fiziksel geli\u015fimlerini desteklemek, sporla i\u00e7 i\u00e7e sa\u011fl\u0131kl\u0131 bireyler olarak yeti\u015fmelerine katk\u0131 sa\u011flamakt\u0131r&#8221; dedi.<\/p>\n<p>A\u00e7\u0131klamas\u0131nda ailelere de te\u015fekk\u00fcr eden Ba\u015fkan Zencirci, evlatlar\u0131n\u0131 spora te\u015fvik eden hem\u015fehrilere ve kurslara ilgi g\u00f6steren t\u00fcm \u00e7ocuklara te\u015fekk\u00fcr ederek, belediye olarak sporun ve gen\u00e7lerin her zaman yan\u0131nda olduklar\u0131n\u0131 belirtti.<br \/><\/p>\n","protected":false},"excerpt":{"rendered":"<p>Germencik Belediye Ba\u015fkan\u0131 Burak Zencirci, k\u0131z ve erkek futbol kurslar\u0131n\u0131n profesyonel e\u011fitmenler e\u015fli\u011finde t\u00fcm h\u0131z\u0131yla s\u00fcrd\u00fc\u011f\u00fcn\u00fc belirterek, \u00e7ocuklar\u0131n sporla sa\u011fl\u0131kl\u0131 bireyler olarak yeti\u015fmesini hedeflediklerini vurgulad\u0131. Germencik Belediyesi taraf\u0131ndan d\u00fczenlenen k\u0131z ve erkek futbol kurslar\u0131 yo\u011fun kat\u0131l\u0131mla devam ediyor. Profesyonel e\u011fitmenler e\u015fli\u011finde ger\u00e7ekle\u015ftirilen kurslarda, \u00e7ocuklar\u0131n bedensel ve fiziksel geli\u015fimlerinin desteklenmesi ama\u00e7lan\u0131yor. Germencik Belediye Ba\u015fkan\u0131 Burak Zencirci,&#8230;<\/p>\n","protected":false},"author":1,"featured_media":74669,"comment_status":"open","ping_status":"open","sticky":false,"template":"","format":"standard","meta":{"_crdt_document":"","footnotes":""},"categories":[4],"tags":[],"class_list":["post-74668","post","type-post","status-publish","format-standard","has-post-thumbnail","hentry","category-spor"],"_links":{"self":[{"href":"https:\/\/www.egemtv.com\/index.php?rest_route=\/wp\/v2\/posts\/74668","targetHints":{"allow":["GET"]}}],"collection":[{"href":"https:\/\/www.egemtv.com\/index.php?rest_route=\/wp\/v2\/posts"}],"about":[{"href":"https:\/\/www.egemtv.com\/index.php?rest_route=\/wp\/v2\/types\/post"}],"author":[{"embeddable":true,"href":"https:\/\/www.egemtv.com\/index.php?rest_route=\/wp\/v2\/users\/1"}],"replies":[{"embeddable":true,"href":"https:\/\/www.egemtv.com\/index.php?rest_route=%2Fwp%2Fv2%2Fcomments&post=74668"}],"version-history":[{"count":1,"href":"https:\/\/www.egemtv.com\/index.php?rest_route=\/wp\/v2\/posts\/74668\/revisions"}],"predecessor-version":[{"id":74670,"href":"https:\/\/www.egemtv.com\/index.php?rest_route=\/wp\/v2\/posts\/74668\/revisions\/74670"}],"wp:featuredmedia":[{"embeddable":true,"href":"https:\/\/www.egemtv.com\/index.php?rest_route=\/wp\/v2\/media\/74669"}],"wp:attachment":[{"href":"https:\/\/www.egemtv.com\/index.php?rest_route=%2Fwp%2Fv2%2Fmedia&parent=74668"}],"wp:term":[{"taxonomy":"category","embeddable":true,"href":"https:\/\/www.egemtv.com\/index.php?rest_route=%2Fwp%2Fv2%2Fcategories&post=74668"},{"taxonomy":"post_tag","embeddable":true,"href":"https:\/\/www.egemtv.com\/index.php?rest_route=%2Fwp%2Fv2%2Ftags&post=74668"}],"curies":[{"name":"wp","href":"https:\/\/api.w.org\/{rel}","templated":true}]}}