{"id":74665,"date":"2025-12-17T10:34:56","date_gmt":"2025-12-17T07:34:56","guid":{"rendered":"https:\/\/www.egemtv.com\/?p=74665"},"modified":"2025-12-17T10:34:56","modified_gmt":"2025-12-17T07:34:56","slug":"gediz-erdogmus-mahallesinden-takdire-sayan-dayanisma","status":"publish","type":"post","link":"https:\/\/www.egemtv.com\/?p=74665","title":{"rendered":"Gediz Erdo\u011fmu\u015f Mahallesi\u2019nden takdire \u015fayan dayan\u0131\u015fma"},"content":{"rendered":"<p>K\u00fctahya\u2019n\u0131n Gediz il\u00e7esine ge\u00e7ti\u011fimiz ay mahalle olarak ba\u011flanan Erdo\u011fmu\u015f Mahallesi, sergiledi\u011fi b\u00fcy\u00fck dayan\u0131\u015fmayla k\u0131sa s\u00fcrede \u00f6nemli bir ba\u015far\u0131ya imza att\u0131. \u00c7al\u0131\u015fkan ve hay\u0131rsever mahalle sakinleri, bir araya gelerek sadece 4 ay gibi k\u0131sa bir s\u00fcrede 4-6 ya\u015f ve yeti\u015fkin Kur\u2019an kursu, gen\u00e7lik merkezi ve iki lojmandan olu\u015fan b\u00fcy\u00fck bir binay\u0131 bitirme a\u015famas\u0131na getirdi.<br \/>\n<br \/>Bu h\u0131zl\u0131 ilerleme, mahalle sakinlerinin de\u011ferlerine ba\u011fl\u0131l\u0131\u011f\u0131, birlik ve beraberli\u011fi sayesinde m\u00fcmk\u00fcn oldu. Proje, \u00f6zellikle Erdo\u011fmu\u015f Mahallesi\u2019nden olan \u0130zmir Narl\u0131dere M\u00fcft\u00fcs\u00fc Dr. Veli Vehbi Bardak\u00e7\u0131\u2019n\u0131n bizzat te\u015fvik ve takipleriyle h\u0131z kazand\u0131.<br \/>\n<br \/>Gediz \u0130l\u00e7e M\u00fcft\u00fcs\u00fc Sebahattin Turan, Erdo\u011fmu\u015f Mahallesi\u2019nin bu inanm\u0131\u015fl\u0131\u011f\u0131n ve hay\u0131rseverli\u011fin g\u00fczel bir \u00f6rne\u011fini sergiledi\u011fini belirterek, mahalle sakinlerini tebrik etti.<br \/><\/p>\n","protected":false},"excerpt":{"rendered":"<p>K\u00fctahya\u2019n\u0131n Gediz il\u00e7esine ge\u00e7ti\u011fimiz ay mahalle olarak ba\u011flanan Erdo\u011fmu\u015f Mahallesi, sergiledi\u011fi b\u00fcy\u00fck dayan\u0131\u015fmayla k\u0131sa s\u00fcrede \u00f6nemli bir ba\u015far\u0131ya imza att\u0131. \u00c7al\u0131\u015fkan ve hay\u0131rsever mahalle sakinleri, bir araya gelerek sadece 4 ay gibi k\u0131sa bir s\u00fcrede 4-6 ya\u015f ve yeti\u015fkin Kur\u2019an kursu, gen\u00e7lik merkezi ve iki lojmandan olu\u015fan b\u00fcy\u00fck bir binay\u0131 bitirme a\u015famas\u0131na getirdi. Bu h\u0131zl\u0131&#8230;<\/p>\n","protected":false},"author":1,"featured_media":74666,"comment_status":"open","ping_status":"open","sticky":false,"template":"","format":"standard","meta":{"_crdt_document":"","footnotes":""},"categories":[123],"tags":[],"class_list":["post-74665","post","type-post","status-publish","format-standard","has-post-thumbnail","hentry","category-gundem"],"_links":{"self":[{"href":"https:\/\/www.egemtv.com\/index.php?rest_route=\/wp\/v2\/posts\/74665","targetHints":{"allow":["GET"]}}],"collection":[{"href":"https:\/\/www.egemtv.com\/index.php?rest_route=\/wp\/v2\/posts"}],"about":[{"href":"https:\/\/www.egemtv.com\/index.php?rest_route=\/wp\/v2\/types\/post"}],"author":[{"embeddable":true,"href":"https:\/\/www.egemtv.com\/index.php?rest_route=\/wp\/v2\/users\/1"}],"replies":[{"embeddable":true,"href":"https:\/\/www.egemtv.com\/index.php?rest_route=%2Fwp%2Fv2%2Fcomments&post=74665"}],"version-history":[{"count":1,"href":"https:\/\/www.egemtv.com\/index.php?rest_route=\/wp\/v2\/posts\/74665\/revisions"}],"predecessor-version":[{"id":74667,"href":"https:\/\/www.egemtv.com\/index.php?rest_route=\/wp\/v2\/posts\/74665\/revisions\/74667"}],"wp:featuredmedia":[{"embeddable":true,"href":"https:\/\/www.egemtv.com\/index.php?rest_route=\/wp\/v2\/media\/74666"}],"wp:attachment":[{"href":"https:\/\/www.egemtv.com\/index.php?rest_route=%2Fwp%2Fv2%2Fmedia&parent=74665"}],"wp:term":[{"taxonomy":"category","embeddable":true,"href":"https:\/\/www.egemtv.com\/index.php?rest_route=%2Fwp%2Fv2%2Fcategories&post=74665"},{"taxonomy":"post_tag","embeddable":true,"href":"https:\/\/www.egemtv.com\/index.php?rest_route=%2Fwp%2Fv2%2Ftags&post=74665"}],"curies":[{"name":"wp","href":"https:\/\/api.w.org\/{rel}","templated":true}]}}