{"id":74662,"date":"2025-12-17T10:34:55","date_gmt":"2025-12-17T07:34:55","guid":{"rendered":"https:\/\/www.egemtv.com\/?p=74662"},"modified":"2025-12-17T10:34:55","modified_gmt":"2025-12-17T07:34:55","slug":"gediz-emniyetinde-4-yeni-arac-hizmete-alindi","status":"publish","type":"post","link":"https:\/\/www.egemtv.com\/?p=74662","title":{"rendered":"Gediz emniyetinde 4 yeni ara\u00e7 hizmete al\u0131nd\u0131"},"content":{"rendered":"<p>K\u00fctahya\u2019n\u0131n Gediz il\u00e7esinde, emniyet te\u015fkilat\u0131n\u0131n hizmet kalitesini ve operasyonel g\u00fcc\u00fcn\u00fc art\u0131rmak amac\u0131yla \u0130\u00e7i\u015fleri Bakanl\u0131\u011f\u0131 taraf\u0131ndan tahsis edilen 4 yeni ara\u00e7, d\u00fczenlenen t\u00f6renle \u0130l\u00e7e Emniyet M\u00fcd\u00fcrl\u00fc\u011f\u00fc envanterine kat\u0131ld\u0131.<br \/>\n<br \/>\u0130l\u00e7e Emniyet M\u00fcd\u00fcrl\u00fc\u011f\u00fc hizmet binas\u0131 \u00f6n\u00fcnde ger\u00e7ekle\u015ftirilen teslim t\u00f6renine Gediz Kaymakam\u0131 Emrah Uzun, Belediye Ba\u015fkan\u0131 Necdet Akel, \u0130l\u00e7e Emniyet M\u00fcd\u00fcr\u00fc \u0130lhan Sar\u0131ca, \u0130l\u00e7e Jandarma Komutan\u0131 \u00dcste\u011fmen Yusuf Gen\u00e7, \u0130l\u00e7e M\u00fcft\u00fcs\u00fc Sebahattin Turan, Gediz Ticaret ve Sanayi Odas\u0131 Ba\u015fkan\u0131 Vedat \u00d6zt\u00fcrk, sivil toplum kurulu\u015flar\u0131 temsilcileri ve emniyet personeli yo\u011fun kat\u0131l\u0131m g\u00f6sterdi.<br \/>\n<br \/>Emniyet Genel M\u00fcd\u00fcrl\u00fc\u011f\u00fc taraf\u0131ndan temin edilen 4 ara\u00e7 i\u00e7in t\u00f6rende kurban kesildi ve Gediz \u0130l\u00e7e M\u00fcft\u00fcs\u00fc Sebahattin Turan taraf\u0131ndan dua yap\u0131ld\u0131. Bu takviye ile birlikte Gediz \u0130l\u00e7e Emniyet M\u00fcd\u00fcrl\u00fc\u011f\u00fc b\u00fcnyesinde hizmet veren ara\u00e7 say\u0131s\u0131 9\u2019a y\u00fckseldi.<\/p>\n","protected":false},"excerpt":{"rendered":"<p>K\u00fctahya\u2019n\u0131n Gediz il\u00e7esinde, emniyet te\u015fkilat\u0131n\u0131n hizmet kalitesini ve operasyonel g\u00fcc\u00fcn\u00fc art\u0131rmak amac\u0131yla \u0130\u00e7i\u015fleri Bakanl\u0131\u011f\u0131 taraf\u0131ndan tahsis edilen 4 yeni ara\u00e7, d\u00fczenlenen t\u00f6renle \u0130l\u00e7e Emniyet M\u00fcd\u00fcrl\u00fc\u011f\u00fc envanterine kat\u0131ld\u0131. \u0130l\u00e7e Emniyet M\u00fcd\u00fcrl\u00fc\u011f\u00fc hizmet binas\u0131 \u00f6n\u00fcnde ger\u00e7ekle\u015ftirilen teslim t\u00f6renine Gediz Kaymakam\u0131 Emrah Uzun, Belediye Ba\u015fkan\u0131 Necdet Akel, \u0130l\u00e7e Emniyet M\u00fcd\u00fcr\u00fc \u0130lhan Sar\u0131ca, \u0130l\u00e7e Jandarma Komutan\u0131 \u00dcste\u011fmen Yusuf Gen\u00e7,&#8230;<\/p>\n","protected":false},"author":1,"featured_media":74663,"comment_status":"open","ping_status":"open","sticky":false,"template":"","format":"standard","meta":{"_crdt_document":"","footnotes":""},"categories":[123],"tags":[],"class_list":["post-74662","post","type-post","status-publish","format-standard","has-post-thumbnail","hentry","category-gundem"],"_links":{"self":[{"href":"https:\/\/www.egemtv.com\/index.php?rest_route=\/wp\/v2\/posts\/74662","targetHints":{"allow":["GET"]}}],"collection":[{"href":"https:\/\/www.egemtv.com\/index.php?rest_route=\/wp\/v2\/posts"}],"about":[{"href":"https:\/\/www.egemtv.com\/index.php?rest_route=\/wp\/v2\/types\/post"}],"author":[{"embeddable":true,"href":"https:\/\/www.egemtv.com\/index.php?rest_route=\/wp\/v2\/users\/1"}],"replies":[{"embeddable":true,"href":"https:\/\/www.egemtv.com\/index.php?rest_route=%2Fwp%2Fv2%2Fcomments&post=74662"}],"version-history":[{"count":1,"href":"https:\/\/www.egemtv.com\/index.php?rest_route=\/wp\/v2\/posts\/74662\/revisions"}],"predecessor-version":[{"id":74664,"href":"https:\/\/www.egemtv.com\/index.php?rest_route=\/wp\/v2\/posts\/74662\/revisions\/74664"}],"wp:featuredmedia":[{"embeddable":true,"href":"https:\/\/www.egemtv.com\/index.php?rest_route=\/wp\/v2\/media\/74663"}],"wp:attachment":[{"href":"https:\/\/www.egemtv.com\/index.php?rest_route=%2Fwp%2Fv2%2Fmedia&parent=74662"}],"wp:term":[{"taxonomy":"category","embeddable":true,"href":"https:\/\/www.egemtv.com\/index.php?rest_route=%2Fwp%2Fv2%2Fcategories&post=74662"},{"taxonomy":"post_tag","embeddable":true,"href":"https:\/\/www.egemtv.com\/index.php?rest_route=%2Fwp%2Fv2%2Ftags&post=74662"}],"curies":[{"name":"wp","href":"https:\/\/api.w.org\/{rel}","templated":true}]}}