{"id":74659,"date":"2025-12-17T10:34:54","date_gmt":"2025-12-17T07:34:54","guid":{"rendered":"https:\/\/www.egemtv.com\/?p=74659"},"modified":"2025-12-17T10:34:54","modified_gmt":"2025-12-17T07:34:54","slug":"uzum-baglarinda-kadin-istihdami-artiyor","status":"publish","type":"post","link":"https:\/\/www.egemtv.com\/?p=74659","title":{"rendered":"\u00dcz\u00fcm ba\u011flar\u0131nda kad\u0131n istihdam\u0131 art\u0131yor"},"content":{"rendered":"<p>Sar\u0131g\u00f6l\u2019de \u00fcz\u00fcm ba\u011flar\u0131nda ba\u015flat\u0131lan yenileme \u00e7al\u0131\u015fmalar\u0131, kad\u0131n tar\u0131m i\u015f\u00e7ilerine yeni istihdam alanlar\u0131 olu\u015fturuyor. G\u00fcnl\u00fck 1.500 lira yevmiye ile \u00e7al\u0131\u015fan kad\u0131nlar, ba\u011flar\u0131n yeniden \u00fcretime kazand\u0131r\u0131lmas\u0131nda \u00f6nemli rol \u00fcstleniyor.<br \/>\n<br \/>Manisa\u2019n\u0131n Sar\u0131g\u00f6l il\u00e7esinde verimi d\u00fc\u015fen \u00fcz\u00fcm ba\u011flar\u0131nda ba\u015flat\u0131lan yenileme \u00e7al\u0131\u015fmalar\u0131yla birlikte kad\u0131n istihdam\u0131nda art\u0131\u015f ya\u015fan\u0131yor. Ba\u011f yenileme kapsam\u0131nda kad\u0131n tar\u0131m i\u015f\u00e7ileri, budama ve kesim i\u015flerinde yo\u011fun mesai harc\u0131yor.<br \/>\n<br \/>Day\u0131ba\u015f\u0131 Necati Parac\u0131 ile birlikte \u00fcz\u00fcm ba\u011flar\u0131na giden kad\u0131n i\u015f\u00e7iler, yenilenecek olan ba\u011flarda asmalar\u0131n budama i\u015flemlerini yaparak \u00e7al\u0131\u015fmalara ba\u015flad\u0131. Uzun y\u0131llard\u0131r \u00fcretim yap\u0131lan ve ya\u015flanmaya ba\u011fl\u0131 olarak verim kayb\u0131 ya\u015fayan \u00fcz\u00fcm ba\u011flar\u0131nda, asmalar k\u00f6klenmeden \u00f6nce ana omcadan ayr\u0131l\u0131yor.<br \/>\n<br \/>Ba\u011f\u0131n\u0131 yenileme karar\u0131 alan \u00fcretici Mehmet \u00d6zdemir, verimin d\u00fc\u015fmesi nedeniyle yenileme \u00e7al\u0131\u015fmas\u0131na ba\u015flad\u0131klar\u0131n\u0131 belirterek, &#8220;Ba\u011f\u0131m\u0131z olduk\u00e7a ya\u015fland\u0131. Yeniden y\u00fcksek verim alabilmek i\u00e7in yenileme yap\u0131yoruz. Bu s\u00fcre\u00e7te kad\u0131n i\u015f\u00e7ilerimizin eme\u011fi b\u00fcy\u00fck&#8221; dedi.<br \/>\n<br \/>12 ki\u015filik kad\u0131n i\u015f\u00e7i ekibiyle \u00e7al\u0131\u015fmalar\u0131n s\u00fcrd\u00fc\u011f\u00fcn\u00fc ifade eden Day\u0131ba\u015f\u0131 Necati Parac\u0131 ise, &#8220;Yakla\u015f\u0131k 20 d\u00f6n\u00fcml\u00fck \u00fcz\u00fcm ba\u011f\u0131nda yenileme \u00e7al\u0131\u015fmas\u0131 yap\u0131yoruz. \u00d6nce budama, ard\u0131ndan ana omcaya kadar kesim i\u015flemleri ger\u00e7ekle\u015ftiriliyor. Daha sonra asman\u0131n g\u00f6vdesi s\u00f6k\u00fclerek yerine yeni asmalar dikilecek. Kad\u0131n i\u015f\u00e7ilerimiz g\u00fcnl\u00fck 1.500 lira yevmiye ile \u00e7al\u0131\u015f\u0131yor&#8221; diye konu\u015ftu.<br \/>\n<br \/>Ba\u011f yenileme \u00e7al\u0131\u015fmalar\u0131yla hem \u00fcz\u00fcm \u00fcretiminin art\u0131r\u0131lmas\u0131 hem de kad\u0131n tar\u0131m i\u015f\u00e7ilerinin istihdama kat\u0131l\u0131m\u0131n\u0131n g\u00fc\u00e7lendirilmesi hedefleniyor.<br \/><\/p>\n","protected":false},"excerpt":{"rendered":"<p>Sar\u0131g\u00f6l\u2019de \u00fcz\u00fcm ba\u011flar\u0131nda ba\u015flat\u0131lan yenileme \u00e7al\u0131\u015fmalar\u0131, kad\u0131n tar\u0131m i\u015f\u00e7ilerine yeni istihdam alanlar\u0131 olu\u015fturuyor. G\u00fcnl\u00fck 1.500 lira yevmiye ile \u00e7al\u0131\u015fan kad\u0131nlar, ba\u011flar\u0131n yeniden \u00fcretime kazand\u0131r\u0131lmas\u0131nda \u00f6nemli rol \u00fcstleniyor. Manisa\u2019n\u0131n Sar\u0131g\u00f6l il\u00e7esinde verimi d\u00fc\u015fen \u00fcz\u00fcm ba\u011flar\u0131nda ba\u015flat\u0131lan yenileme \u00e7al\u0131\u015fmalar\u0131yla birlikte kad\u0131n istihdam\u0131nda art\u0131\u015f ya\u015fan\u0131yor. Ba\u011f yenileme kapsam\u0131nda kad\u0131n tar\u0131m i\u015f\u00e7ileri, budama ve kesim i\u015flerinde yo\u011fun mesai harc\u0131yor&#8230;.<\/p>\n","protected":false},"author":1,"featured_media":74660,"comment_status":"open","ping_status":"open","sticky":false,"template":"","format":"standard","meta":{"_crdt_document":"","footnotes":""},"categories":[125],"tags":[],"class_list":["post-74659","post","type-post","status-publish","format-standard","has-post-thumbnail","hentry","category-ekonomi"],"_links":{"self":[{"href":"https:\/\/www.egemtv.com\/index.php?rest_route=\/wp\/v2\/posts\/74659","targetHints":{"allow":["GET"]}}],"collection":[{"href":"https:\/\/www.egemtv.com\/index.php?rest_route=\/wp\/v2\/posts"}],"about":[{"href":"https:\/\/www.egemtv.com\/index.php?rest_route=\/wp\/v2\/types\/post"}],"author":[{"embeddable":true,"href":"https:\/\/www.egemtv.com\/index.php?rest_route=\/wp\/v2\/users\/1"}],"replies":[{"embeddable":true,"href":"https:\/\/www.egemtv.com\/index.php?rest_route=%2Fwp%2Fv2%2Fcomments&post=74659"}],"version-history":[{"count":1,"href":"https:\/\/www.egemtv.com\/index.php?rest_route=\/wp\/v2\/posts\/74659\/revisions"}],"predecessor-version":[{"id":74661,"href":"https:\/\/www.egemtv.com\/index.php?rest_route=\/wp\/v2\/posts\/74659\/revisions\/74661"}],"wp:featuredmedia":[{"embeddable":true,"href":"https:\/\/www.egemtv.com\/index.php?rest_route=\/wp\/v2\/media\/74660"}],"wp:attachment":[{"href":"https:\/\/www.egemtv.com\/index.php?rest_route=%2Fwp%2Fv2%2Fmedia&parent=74659"}],"wp:term":[{"taxonomy":"category","embeddable":true,"href":"https:\/\/www.egemtv.com\/index.php?rest_route=%2Fwp%2Fv2%2Fcategories&post=74659"},{"taxonomy":"post_tag","embeddable":true,"href":"https:\/\/www.egemtv.com\/index.php?rest_route=%2Fwp%2Fv2%2Ftags&post=74659"}],"curies":[{"name":"wp","href":"https:\/\/api.w.org\/{rel}","templated":true}]}}