{"id":74656,"date":"2025-12-17T10:34:53","date_gmt":"2025-12-17T07:34:53","guid":{"rendered":"https:\/\/www.egemtv.com\/?p=74656"},"modified":"2025-12-17T10:34:54","modified_gmt":"2025-12-17T07:34:54","slug":"kutahyada-bir-durustluk-hikayesi-adli-cocuk-tiyatrosu-ogrencilerle-bulustu","status":"publish","type":"post","link":"https:\/\/www.egemtv.com\/?p=74656","title":{"rendered":"K\u00fctahya\u2019da &#8220;Bir D\u00fcr\u00fcstl\u00fck Hik\u00e2yesi&#8221; adl\u0131 \u00e7ocuk tiyatrosu \u00f6\u011frencilerle bulu\u015ftu"},"content":{"rendered":"<p>K\u00fctahya\u2019da &#8220;Bir D\u00fcr\u00fcstl\u00fck Hik\u00e2yesi&#8221; adl\u0131 \u00e7ocuk tiyatrosu \u00fc\u00e7\u00fcnc\u00fc oyunla \u00f6\u011frencilerle bulu\u015ftu.<br \/>\n<br \/>\u0130l Milli E\u011fitim M\u00fcd\u00fcrl\u00fc\u011f\u00fc ve K\u00fctahya Dumlup\u0131nar \u00dcniversitesi E\u011fitim Fak\u00fcltesi i\u015f birli\u011fiyle, Prof. Dr. Fulya Top\u00e7uo\u011flu \u00dcnal y\u00f6netmenli\u011finde ve Milli E\u011fitim M\u00fcd\u00fcr Yard\u0131mc\u0131s\u0131 Mustafa Topuz koordinat\u00f6rl\u00fc\u011f\u00fcnde hayata ge\u00e7irilen, Dumlup\u0131nar \u00dcniversitesi E\u011fitim Fak\u00fcltesi T\u00fcrk\u00e7e \u00d6\u011fretmenli\u011fi Tiyatro ve Drama Uygulamalar\u0131 dersi kapsam\u0131nda, T\u00fcrk\u00e7e \u00d6\u011fretmenli\u011fi 4. s\u0131n\u0131f \u00f6\u011frencileri taraf\u0131ndan yaz\u0131lan ve sahnelenen &#8220;Bir D\u00fcr\u00fcstl\u00fck Hik\u00e2yesi&#8221; adl\u0131 \u00e7ocuk tiyatrosu, \u00f6\u011frencilere \u00fc\u00e7 ayr\u0131 g\u00f6sterim sundu.<br \/>\n<br \/>&#8220;43 Ad\u0131m&#8221; projesi kapsam\u0131nda sahnelenen oyun, de\u011ferler e\u011fitimi, erdem, d\u00fcr\u00fcstl\u00fck, aile bilinci ve sorumluluk konular\u0131 etraf\u0131nda kurgulanarak minik izleyicilere hem e\u011fitici hem de d\u00fc\u015f\u00fcnd\u00fcr\u00fcc\u00fc bir tiyatro deneyimi sundu. Renkli karakterleri, ak\u0131c\u0131 sahneleri ve g\u00fc\u00e7l\u00fc mesajlar\u0131yla dikkat \u00e7eken g\u00f6sterim, \u00f6\u011frenciler taraf\u0131ndan ilgiyle takip edildi.<br \/>\n<br \/>\u0130l Milli E\u011fitim M\u00fcd\u00fcrl\u00fc\u011f\u00fc Beylerbeyi Konferans Salonu\u2019nda ger\u00e7ekle\u015ftirilen \u00fc\u00e7 ayr\u0131 g\u00f6sterimde, \u00f6\u011frencilerin do\u011fru ile yanl\u0131\u015f\u0131 ay\u0131rt edebilme, d\u00fcr\u00fcst davranman\u0131n bireysel ve toplumsal hayattaki \u00f6nemini kavrama noktas\u0131nda fark\u0131ndal\u0131k kazanmalar\u0131 hedeflendi. Etkile\u015fimli sahneler sayesinde \u00e7ocuklar oyuna aktif olarak kat\u0131larak \u00f6\u011frenme s\u00fcrecini keyifli bir atmosferde deneyimledi.<br \/><\/p>\n","protected":false},"excerpt":{"rendered":"<p>K\u00fctahya\u2019da &#8220;Bir D\u00fcr\u00fcstl\u00fck Hik\u00e2yesi&#8221; adl\u0131 \u00e7ocuk tiyatrosu \u00fc\u00e7\u00fcnc\u00fc oyunla \u00f6\u011frencilerle bulu\u015ftu. \u0130l Milli E\u011fitim M\u00fcd\u00fcrl\u00fc\u011f\u00fc ve K\u00fctahya Dumlup\u0131nar \u00dcniversitesi E\u011fitim Fak\u00fcltesi i\u015f birli\u011fiyle, Prof. Dr. Fulya Top\u00e7uo\u011flu \u00dcnal y\u00f6netmenli\u011finde ve Milli E\u011fitim M\u00fcd\u00fcr Yard\u0131mc\u0131s\u0131 Mustafa Topuz koordinat\u00f6rl\u00fc\u011f\u00fcnde hayata ge\u00e7irilen, Dumlup\u0131nar \u00dcniversitesi E\u011fitim Fak\u00fcltesi T\u00fcrk\u00e7e \u00d6\u011fretmenli\u011fi Tiyatro ve Drama Uygulamalar\u0131 dersi kapsam\u0131nda, T\u00fcrk\u00e7e \u00d6\u011fretmenli\u011fi 4. s\u0131n\u0131f&#8230;<\/p>\n","protected":false},"author":1,"featured_media":74657,"comment_status":"open","ping_status":"open","sticky":false,"template":"","format":"standard","meta":{"_crdt_document":"","footnotes":""},"categories":[1],"tags":[],"class_list":["post-74656","post","type-post","status-publish","format-standard","has-post-thumbnail","hentry","category-guncel"],"_links":{"self":[{"href":"https:\/\/www.egemtv.com\/index.php?rest_route=\/wp\/v2\/posts\/74656","targetHints":{"allow":["GET"]}}],"collection":[{"href":"https:\/\/www.egemtv.com\/index.php?rest_route=\/wp\/v2\/posts"}],"about":[{"href":"https:\/\/www.egemtv.com\/index.php?rest_route=\/wp\/v2\/types\/post"}],"author":[{"embeddable":true,"href":"https:\/\/www.egemtv.com\/index.php?rest_route=\/wp\/v2\/users\/1"}],"replies":[{"embeddable":true,"href":"https:\/\/www.egemtv.com\/index.php?rest_route=%2Fwp%2Fv2%2Fcomments&post=74656"}],"version-history":[{"count":1,"href":"https:\/\/www.egemtv.com\/index.php?rest_route=\/wp\/v2\/posts\/74656\/revisions"}],"predecessor-version":[{"id":74658,"href":"https:\/\/www.egemtv.com\/index.php?rest_route=\/wp\/v2\/posts\/74656\/revisions\/74658"}],"wp:featuredmedia":[{"embeddable":true,"href":"https:\/\/www.egemtv.com\/index.php?rest_route=\/wp\/v2\/media\/74657"}],"wp:attachment":[{"href":"https:\/\/www.egemtv.com\/index.php?rest_route=%2Fwp%2Fv2%2Fmedia&parent=74656"}],"wp:term":[{"taxonomy":"category","embeddable":true,"href":"https:\/\/www.egemtv.com\/index.php?rest_route=%2Fwp%2Fv2%2Fcategories&post=74656"},{"taxonomy":"post_tag","embeddable":true,"href":"https:\/\/www.egemtv.com\/index.php?rest_route=%2Fwp%2Fv2%2Ftags&post=74656"}],"curies":[{"name":"wp","href":"https:\/\/api.w.org\/{rel}","templated":true}]}}