{"id":74653,"date":"2025-12-17T10:34:52","date_gmt":"2025-12-17T07:34:52","guid":{"rendered":"https:\/\/www.egemtv.com\/?p=74653"},"modified":"2025-12-17T10:34:53","modified_gmt":"2025-12-17T07:34:53","slug":"aslanapada-cini-kursu-ilgi-goruyor","status":"publish","type":"post","link":"https:\/\/www.egemtv.com\/?p=74653","title":{"rendered":"Aslanapa\u2019da \u00c7ini Kursu ilgi g\u00f6r\u00fcyor"},"content":{"rendered":"<p>K\u00fctahya Aslanapa Halk E\u011fitim Merkezi b\u00fcnyesinde a\u00e7\u0131lan Seramik Bi\u00e7imlendirme (\u00c7ini) Kursu, vatanda\u015flardan yo\u011fun ilgi g\u00f6r\u00fcyor.<br \/>\n<br \/>Usta \u00d6\u011fretici K\u0131smet Y\u0131lmaz taraf\u0131ndan verilen kursta, 19 kay\u0131tl\u0131 \u00f6\u011frenci \u00e7ini ve seramik bi\u00e7imlendirme alan\u0131nda e\u011fitim al\u0131yor. Geleneksel el sanatlar\u0131n\u0131n ya\u015fat\u0131lmas\u0131na katk\u0131 sunan kurs, kat\u0131l\u0131mc\u0131lar\u0131n mesleki ve sanatsal becerilerini geli\u015ftirmelerine imk\u00e2n tan\u0131yor.<br \/>\n<br \/>Kursiyerlerin el eme\u011fiyle \u00fcrettikleri \u00e7al\u0131\u015fmalar, hem k\u00fclt\u00fcrel miras\u0131n korunmas\u0131na katk\u0131 sa\u011fl\u0131yor hem de sat\u0131\u015fa sunularak aile b\u00fct\u00e7elerine destek oluyor.<br \/>\n<br \/>Aslanapa Halk E\u011fitim Merkezi\u2019nde d\u00fczenlenen \u00e7ini kursu, sanata ilgi duyan vatanda\u015flar i\u00e7in \u00f6nemli bir f\u0131rsat sunuyor.<br \/><\/p>\n","protected":false},"excerpt":{"rendered":"<p>K\u00fctahya Aslanapa Halk E\u011fitim Merkezi b\u00fcnyesinde a\u00e7\u0131lan Seramik Bi\u00e7imlendirme (\u00c7ini) Kursu, vatanda\u015flardan yo\u011fun ilgi g\u00f6r\u00fcyor. Usta \u00d6\u011fretici K\u0131smet Y\u0131lmaz taraf\u0131ndan verilen kursta, 19 kay\u0131tl\u0131 \u00f6\u011frenci \u00e7ini ve seramik bi\u00e7imlendirme alan\u0131nda e\u011fitim al\u0131yor. Geleneksel el sanatlar\u0131n\u0131n ya\u015fat\u0131lmas\u0131na katk\u0131 sunan kurs, kat\u0131l\u0131mc\u0131lar\u0131n mesleki ve sanatsal becerilerini geli\u015ftirmelerine imk\u00e2n tan\u0131yor. Kursiyerlerin el eme\u011fiyle \u00fcrettikleri \u00e7al\u0131\u015fmalar, hem k\u00fclt\u00fcrel miras\u0131n&#8230;<\/p>\n","protected":false},"author":1,"featured_media":74654,"comment_status":"open","ping_status":"open","sticky":false,"template":"","format":"standard","meta":{"_crdt_document":"","footnotes":""},"categories":[1],"tags":[],"class_list":["post-74653","post","type-post","status-publish","format-standard","has-post-thumbnail","hentry","category-guncel"],"_links":{"self":[{"href":"https:\/\/www.egemtv.com\/index.php?rest_route=\/wp\/v2\/posts\/74653","targetHints":{"allow":["GET"]}}],"collection":[{"href":"https:\/\/www.egemtv.com\/index.php?rest_route=\/wp\/v2\/posts"}],"about":[{"href":"https:\/\/www.egemtv.com\/index.php?rest_route=\/wp\/v2\/types\/post"}],"author":[{"embeddable":true,"href":"https:\/\/www.egemtv.com\/index.php?rest_route=\/wp\/v2\/users\/1"}],"replies":[{"embeddable":true,"href":"https:\/\/www.egemtv.com\/index.php?rest_route=%2Fwp%2Fv2%2Fcomments&post=74653"}],"version-history":[{"count":1,"href":"https:\/\/www.egemtv.com\/index.php?rest_route=\/wp\/v2\/posts\/74653\/revisions"}],"predecessor-version":[{"id":74655,"href":"https:\/\/www.egemtv.com\/index.php?rest_route=\/wp\/v2\/posts\/74653\/revisions\/74655"}],"wp:featuredmedia":[{"embeddable":true,"href":"https:\/\/www.egemtv.com\/index.php?rest_route=\/wp\/v2\/media\/74654"}],"wp:attachment":[{"href":"https:\/\/www.egemtv.com\/index.php?rest_route=%2Fwp%2Fv2%2Fmedia&parent=74653"}],"wp:term":[{"taxonomy":"category","embeddable":true,"href":"https:\/\/www.egemtv.com\/index.php?rest_route=%2Fwp%2Fv2%2Fcategories&post=74653"},{"taxonomy":"post_tag","embeddable":true,"href":"https:\/\/www.egemtv.com\/index.php?rest_route=%2Fwp%2Fv2%2Ftags&post=74653"}],"curies":[{"name":"wp","href":"https:\/\/api.w.org\/{rel}","templated":true}]}}