{"id":74650,"date":"2025-12-17T10:34:51","date_gmt":"2025-12-17T07:34:51","guid":{"rendered":"https:\/\/www.egemtv.com\/?p=74650"},"modified":"2025-12-17T10:34:52","modified_gmt":"2025-12-17T07:34:52","slug":"kutahya-belediyesporun-minik-judocusundan-basari","status":"publish","type":"post","link":"https:\/\/www.egemtv.com\/?p=74650","title":{"rendered":"K\u00fctahya Belediyespor\u2019un minik judocusundan ba\u015far\u0131"},"content":{"rendered":"<p>K\u00fctahya Belediyespor Judo Tak\u0131m\u0131 sporcusu Ahmet Burak Maran, Zonguldak\u2019ta d\u00fczenlenen 9. Uluslararas\u0131 Madenci Kupas\u0131 Judo Turnuvas\u0131\u2019nda \u00f6nemli bir ba\u015far\u0131ya imza att\u0131.<br \/>\n<br \/>T\u00fcrkiye Judo Federasyonu ile Gen\u00e7lik ve Spor \u0130l M\u00fcd\u00fcrl\u00fc\u011f\u00fc taraf\u0131ndan Kozlu Spor Salonu\u2019nda ger\u00e7ekle\u015ftirilen turnuvada, 26 kilo kategorisinde m\u00fccadele eden minik sporcu Ahmet Burak Maran, zorlu kar\u015f\u0131la\u015fmalar\u0131n ard\u0131ndan bronz madalyan\u0131n sahibi oldu.<br \/>\n<br \/>7 \u00fclkeden ve 37 \u015fehirden toplam 1280 sporcunun kat\u0131ld\u0131\u011f\u0131 organizasyonda sergiledi\u011fi ba\u015far\u0131l\u0131 performansla dikkat \u00e7eken Ahmet Burak Maran, K\u00fctahya\u2019y\u0131 ve \u00fclkemizi en iyi \u015fekilde temsil etti.<br \/>\n<br \/>K\u00fctahya Belediyesi, gen\u00e7 sporcuyu ve eme\u011fi ge\u00e7en antren\u00f6rlerini tebrik ederek, ba\u015far\u0131lar\u0131n\u0131n artarak devam etmesi temennisinde bulundu.<br \/><\/p>\n","protected":false},"excerpt":{"rendered":"<p>K\u00fctahya Belediyespor Judo Tak\u0131m\u0131 sporcusu Ahmet Burak Maran, Zonguldak\u2019ta d\u00fczenlenen 9. Uluslararas\u0131 Madenci Kupas\u0131 Judo Turnuvas\u0131\u2019nda \u00f6nemli bir ba\u015far\u0131ya imza att\u0131. T\u00fcrkiye Judo Federasyonu ile Gen\u00e7lik ve Spor \u0130l M\u00fcd\u00fcrl\u00fc\u011f\u00fc taraf\u0131ndan Kozlu Spor Salonu\u2019nda ger\u00e7ekle\u015ftirilen turnuvada, 26 kilo kategorisinde m\u00fccadele eden minik sporcu Ahmet Burak Maran, zorlu kar\u015f\u0131la\u015fmalar\u0131n ard\u0131ndan bronz madalyan\u0131n sahibi oldu. 7 \u00fclkeden&#8230;<\/p>\n","protected":false},"author":1,"featured_media":74651,"comment_status":"open","ping_status":"open","sticky":false,"template":"","format":"standard","meta":{"_crdt_document":"","footnotes":""},"categories":[4],"tags":[],"class_list":["post-74650","post","type-post","status-publish","format-standard","has-post-thumbnail","hentry","category-spor"],"_links":{"self":[{"href":"https:\/\/www.egemtv.com\/index.php?rest_route=\/wp\/v2\/posts\/74650","targetHints":{"allow":["GET"]}}],"collection":[{"href":"https:\/\/www.egemtv.com\/index.php?rest_route=\/wp\/v2\/posts"}],"about":[{"href":"https:\/\/www.egemtv.com\/index.php?rest_route=\/wp\/v2\/types\/post"}],"author":[{"embeddable":true,"href":"https:\/\/www.egemtv.com\/index.php?rest_route=\/wp\/v2\/users\/1"}],"replies":[{"embeddable":true,"href":"https:\/\/www.egemtv.com\/index.php?rest_route=%2Fwp%2Fv2%2Fcomments&post=74650"}],"version-history":[{"count":1,"href":"https:\/\/www.egemtv.com\/index.php?rest_route=\/wp\/v2\/posts\/74650\/revisions"}],"predecessor-version":[{"id":74652,"href":"https:\/\/www.egemtv.com\/index.php?rest_route=\/wp\/v2\/posts\/74650\/revisions\/74652"}],"wp:featuredmedia":[{"embeddable":true,"href":"https:\/\/www.egemtv.com\/index.php?rest_route=\/wp\/v2\/media\/74651"}],"wp:attachment":[{"href":"https:\/\/www.egemtv.com\/index.php?rest_route=%2Fwp%2Fv2%2Fmedia&parent=74650"}],"wp:term":[{"taxonomy":"category","embeddable":true,"href":"https:\/\/www.egemtv.com\/index.php?rest_route=%2Fwp%2Fv2%2Fcategories&post=74650"},{"taxonomy":"post_tag","embeddable":true,"href":"https:\/\/www.egemtv.com\/index.php?rest_route=%2Fwp%2Fv2%2Ftags&post=74650"}],"curies":[{"name":"wp","href":"https:\/\/api.w.org\/{rel}","templated":true}]}}