{"id":74644,"date":"2025-12-17T10:34:50","date_gmt":"2025-12-17T07:34:50","guid":{"rendered":"https:\/\/www.egemtv.com\/?p=74644"},"modified":"2025-12-17T10:34:50","modified_gmt":"2025-12-17T07:34:50","slug":"izmirden-igrenc-goruntu-borek-tezgahlarinda-fare-cirit-atti","status":"publish","type":"post","link":"https:\/\/www.egemtv.com\/?p=74644","title":{"rendered":"\u0130zmir\u2019den i\u011fren\u00e7 g\u00f6r\u00fcnt\u00fc: B\u00f6rek tezgahlar\u0131nda fare cirit att\u0131"},"content":{"rendered":"<p>\u0130zmir\u2019in Buca il\u00e7esinde bir b\u00f6rek\u00e7ide kaydedilen i\u011fren\u00e7 g\u00f6r\u00fcnt\u00fcler adeta mide buland\u0131rd\u0131. Vitrinde, b\u00f6reklerin \u00fczerinde gezen fareyi g\u00f6ren vatanda\u015flar o anlar\u0131 saniye saniye kaydederken, belediye ekipleri gece yar\u0131s\u0131 operasyonuyla i\u015fletmeyi m\u00fch\u00fcrledi.<br \/>\n<br \/>Olay, Buca il\u00e7esi \u015eirinyer semtindeki bir b\u00f6rek\u00e7ide meydana geldi. \u0130\u015fletmenin \u00f6n\u00fcnden ge\u00e7en vatanda\u015flar, tezgahtaki \u00fcr\u00fcnlerin bulundu\u011fu cam vitrinde bir farenin cirit att\u0131\u011f\u0131n\u0131 fark etti. B\u00f6rek tepsilerinin aras\u0131nda rahat tav\u0131rlarla gezen fareyi cep telefonu kameras\u0131yla kaydeden vatanda\u015flar, hijyen skandal\u0131n\u0131 g\u00f6zler \u00f6n\u00fcne serdi. K\u0131sa s\u00fcrede sosyal medyada yay\u0131lan g\u00f6r\u00fcnt\u00fcler mide buland\u0131rd\u0131.<\/p>\n<p>\u0130\u015fletmeden savunma: &#8220;T\u00fcm \u00fcr\u00fcnleri \u00e7\u00f6pe att\u0131k&#8221;<br \/>\n<br \/>G\u00f6r\u00fcnt\u00fclerin tepki \u00e7ekmesi \u00fczerine i\u015fletme yetkilileri, olay\u0131n ard\u0131ndan mekan\u0131n ila\u00e7land\u0131\u011f\u0131n\u0131 savundu. Tedbir ama\u00e7l\u0131 olarak i\u00e7eride bulunan t\u00fcm unlu mamullerin ve malzemelerin imha edilerek \u00e7\u00f6pe at\u0131ld\u0131\u011f\u0131n\u0131 iddia eden i\u015fletme, gerekli hijyen \u00e7al\u0131\u015fmalar\u0131n\u0131n tamamland\u0131\u011f\u0131n\u0131 bildirdi.<\/p>\n<p>Zab\u0131ta gece yar\u0131s\u0131 kilit vurdu<br \/>\n<br \/>G\u00f6r\u00fcnt\u00fcleri ihbar kabul eden Buca Belediyesi Zab\u0131ta M\u00fcd\u00fcrl\u00fc\u011f\u00fc ekipleri, gece saatlerinde s\u00f6z konusu b\u00f6rek\u00e7iye bask\u0131n d\u00fczenledi. Yap\u0131lan denetimlerde hijyen kurallar\u0131na ayk\u0131r\u0131l\u0131klar tespit edilirken, halk sa\u011fl\u0131\u011f\u0131n\u0131 tehlikeye atan i\u015fletme hakk\u0131nda yasal i\u015flem ba\u015flat\u0131ld\u0131. Belediye ekipleri, i\u015f yerini m\u00fch\u00fcrleyerek ticari faaliyetten men etti.<br \/><\/p>\n","protected":false},"excerpt":{"rendered":"<p>\u0130zmir\u2019in Buca il\u00e7esinde bir b\u00f6rek\u00e7ide kaydedilen i\u011fren\u00e7 g\u00f6r\u00fcnt\u00fcler adeta mide buland\u0131rd\u0131. Vitrinde, b\u00f6reklerin \u00fczerinde gezen fareyi g\u00f6ren vatanda\u015flar o anlar\u0131 saniye saniye kaydederken, belediye ekipleri gece yar\u0131s\u0131 operasyonuyla i\u015fletmeyi m\u00fch\u00fcrledi. Olay, Buca il\u00e7esi \u015eirinyer semtindeki bir b\u00f6rek\u00e7ide meydana geldi. \u0130\u015fletmenin \u00f6n\u00fcnden ge\u00e7en vatanda\u015flar, tezgahtaki \u00fcr\u00fcnlerin bulundu\u011fu cam vitrinde bir farenin cirit att\u0131\u011f\u0131n\u0131 fark etti. B\u00f6rek&#8230;<\/p>\n","protected":false},"author":1,"featured_media":74645,"comment_status":"open","ping_status":"open","sticky":false,"template":"","format":"standard","meta":{"_crdt_document":"","footnotes":""},"categories":[5],"tags":[],"class_list":["post-74644","post","type-post","status-publish","format-standard","has-post-thumbnail","hentry","category-asayis"],"_links":{"self":[{"href":"https:\/\/www.egemtv.com\/index.php?rest_route=\/wp\/v2\/posts\/74644","targetHints":{"allow":["GET"]}}],"collection":[{"href":"https:\/\/www.egemtv.com\/index.php?rest_route=\/wp\/v2\/posts"}],"about":[{"href":"https:\/\/www.egemtv.com\/index.php?rest_route=\/wp\/v2\/types\/post"}],"author":[{"embeddable":true,"href":"https:\/\/www.egemtv.com\/index.php?rest_route=\/wp\/v2\/users\/1"}],"replies":[{"embeddable":true,"href":"https:\/\/www.egemtv.com\/index.php?rest_route=%2Fwp%2Fv2%2Fcomments&post=74644"}],"version-history":[{"count":1,"href":"https:\/\/www.egemtv.com\/index.php?rest_route=\/wp\/v2\/posts\/74644\/revisions"}],"predecessor-version":[{"id":74646,"href":"https:\/\/www.egemtv.com\/index.php?rest_route=\/wp\/v2\/posts\/74644\/revisions\/74646"}],"wp:featuredmedia":[{"embeddable":true,"href":"https:\/\/www.egemtv.com\/index.php?rest_route=\/wp\/v2\/media\/74645"}],"wp:attachment":[{"href":"https:\/\/www.egemtv.com\/index.php?rest_route=%2Fwp%2Fv2%2Fmedia&parent=74644"}],"wp:term":[{"taxonomy":"category","embeddable":true,"href":"https:\/\/www.egemtv.com\/index.php?rest_route=%2Fwp%2Fv2%2Fcategories&post=74644"},{"taxonomy":"post_tag","embeddable":true,"href":"https:\/\/www.egemtv.com\/index.php?rest_route=%2Fwp%2Fv2%2Ftags&post=74644"}],"curies":[{"name":"wp","href":"https:\/\/api.w.org\/{rel}","templated":true}]}}