{"id":74641,"date":"2025-12-17T10:34:49","date_gmt":"2025-12-17T07:34:49","guid":{"rendered":"https:\/\/www.egemtv.com\/?p=74641"},"modified":"2025-12-17T10:34:50","modified_gmt":"2025-12-17T07:34:50","slug":"kutahyada-zafer-havalimani-calismalari-degerlendirildi","status":"publish","type":"post","link":"https:\/\/www.egemtv.com\/?p=74641","title":{"rendered":"K\u00fctahya\u2019da Zafer Havaliman\u0131 \u00e7al\u0131\u015fmalar\u0131 de\u011ferlendirildi"},"content":{"rendered":"<p>K\u00fctahya\u2019da Vali Musa I\u015f\u0131n\u2019\u0131n ba\u015fkanl\u0131\u011f\u0131nda, Zafer Havaliman\u0131\u2019n\u0131n mevcut durumu ve y\u00fcr\u00fct\u00fclen \u00e7al\u0131\u015fmalar\u0131n ele al\u0131nd\u0131\u011f\u0131 de\u011ferlendirme toplant\u0131s\u0131 ger\u00e7ekle\u015ftirildi.<br \/>\n<br \/>Toplant\u0131ya Alt\u0131nta\u015f Kaymakam\u0131 Ay\u015feg\u00fcl Y\u0131ld\u0131r\u0131m, Zafer Havaliman\u0131 Genel M\u00fcd\u00fcr\u00fc R\u0131fat Atasoy ile Zafer Havaliman\u0131 Operasyon M\u00fcd\u00fcr\u00fc Umur \u015eakruca kat\u0131ld\u0131.<br \/>\n<br \/>Ger\u00e7ekle\u015ftirilen toplant\u0131da Zafer Havaliman\u0131\u2019n\u0131n operasyonel s\u00fcre\u00e7leri, devam eden \u00e7al\u0131\u015fmalar ve mevcut durum detayl\u0131 \u015fekilde de\u011ferlendirildi. Ayr\u0131ca kurumlar aras\u0131 koordinasyonun g\u00fc\u00e7lendirilmesi ve \u00f6n\u00fcm\u00fczdeki d\u00f6nemde hayata ge\u00e7irilmesi planlanan \u00e7al\u0131\u015fmalar hakk\u0131nda g\u00f6r\u00fc\u015f al\u0131\u015fveri\u015finde bulunuldu.<br \/>\n<br \/>Toplant\u0131, kar\u015f\u0131l\u0131kl\u0131 de\u011ferlendirmelerin ard\u0131ndan sona erdi.<br \/><\/p>\n","protected":false},"excerpt":{"rendered":"<p>K\u00fctahya\u2019da Vali Musa I\u015f\u0131n\u2019\u0131n ba\u015fkanl\u0131\u011f\u0131nda, Zafer Havaliman\u0131\u2019n\u0131n mevcut durumu ve y\u00fcr\u00fct\u00fclen \u00e7al\u0131\u015fmalar\u0131n ele al\u0131nd\u0131\u011f\u0131 de\u011ferlendirme toplant\u0131s\u0131 ger\u00e7ekle\u015ftirildi. Toplant\u0131ya Alt\u0131nta\u015f Kaymakam\u0131 Ay\u015feg\u00fcl Y\u0131ld\u0131r\u0131m, Zafer Havaliman\u0131 Genel M\u00fcd\u00fcr\u00fc R\u0131fat Atasoy ile Zafer Havaliman\u0131 Operasyon M\u00fcd\u00fcr\u00fc Umur \u015eakruca kat\u0131ld\u0131. Ger\u00e7ekle\u015ftirilen toplant\u0131da Zafer Havaliman\u0131\u2019n\u0131n operasyonel s\u00fcre\u00e7leri, devam eden \u00e7al\u0131\u015fmalar ve mevcut durum detayl\u0131 \u015fekilde de\u011ferlendirildi. Ayr\u0131ca kurumlar aras\u0131 koordinasyonun&#8230;<\/p>\n","protected":false},"author":1,"featured_media":74642,"comment_status":"open","ping_status":"open","sticky":false,"template":"","format":"standard","meta":{"_crdt_document":"","footnotes":""},"categories":[1],"tags":[],"class_list":["post-74641","post","type-post","status-publish","format-standard","has-post-thumbnail","hentry","category-guncel"],"_links":{"self":[{"href":"https:\/\/www.egemtv.com\/index.php?rest_route=\/wp\/v2\/posts\/74641","targetHints":{"allow":["GET"]}}],"collection":[{"href":"https:\/\/www.egemtv.com\/index.php?rest_route=\/wp\/v2\/posts"}],"about":[{"href":"https:\/\/www.egemtv.com\/index.php?rest_route=\/wp\/v2\/types\/post"}],"author":[{"embeddable":true,"href":"https:\/\/www.egemtv.com\/index.php?rest_route=\/wp\/v2\/users\/1"}],"replies":[{"embeddable":true,"href":"https:\/\/www.egemtv.com\/index.php?rest_route=%2Fwp%2Fv2%2Fcomments&post=74641"}],"version-history":[{"count":1,"href":"https:\/\/www.egemtv.com\/index.php?rest_route=\/wp\/v2\/posts\/74641\/revisions"}],"predecessor-version":[{"id":74643,"href":"https:\/\/www.egemtv.com\/index.php?rest_route=\/wp\/v2\/posts\/74641\/revisions\/74643"}],"wp:featuredmedia":[{"embeddable":true,"href":"https:\/\/www.egemtv.com\/index.php?rest_route=\/wp\/v2\/media\/74642"}],"wp:attachment":[{"href":"https:\/\/www.egemtv.com\/index.php?rest_route=%2Fwp%2Fv2%2Fmedia&parent=74641"}],"wp:term":[{"taxonomy":"category","embeddable":true,"href":"https:\/\/www.egemtv.com\/index.php?rest_route=%2Fwp%2Fv2%2Fcategories&post=74641"},{"taxonomy":"post_tag","embeddable":true,"href":"https:\/\/www.egemtv.com\/index.php?rest_route=%2Fwp%2Fv2%2Ftags&post=74641"}],"curies":[{"name":"wp","href":"https:\/\/api.w.org\/{rel}","templated":true}]}}