{"id":74638,"date":"2025-12-17T10:14:48","date_gmt":"2025-12-17T07:14:48","guid":{"rendered":"https:\/\/www.egemtv.com\/?p=74638"},"modified":"2025-12-17T10:14:48","modified_gmt":"2025-12-17T07:14:48","slug":"yataganda-zeytin-hasadi-ve-bereket-duasi-yapildi","status":"publish","type":"post","link":"https:\/\/www.egemtv.com\/?p=74638","title":{"rendered":"Yata\u011fan\u2019da zeytin hasad\u0131 ve bereket duas\u0131 yap\u0131ld\u0131"},"content":{"rendered":"<p>Mu\u011fla Yata\u011fan \u0130l\u00e7e M\u00fcft\u00fcl\u00fc\u011f\u00fc, il\u00e7enin en \u00f6nemli gelir kaynaklar\u0131ndan biri olan zeytin hasad\u0131 d\u00f6neminde Bah\u00e7eyaka Mahallesi\u2019nde zeytin hasad\u0131 ve bereket duas\u0131 ger\u00e7ekle\u015ftirildi.<\/p>\n<p>Yata\u011fan \u0130l\u00e7e M\u00fcft\u00fcl\u00fc\u011f\u00fc, 2025-2026 zeytin hasat sezonunun t\u00fcm \u00fcreticiler i\u00e7in hay\u0131rl\u0131 ve bereketli ge\u00e7mesi amac\u0131yla Bah\u00e7eyaka Mahallesi\u2019nde zeytin hasad\u0131 ve bereket duas\u0131 ger\u00e7ekle\u015ftirildi. Merkez Kur\u2019an Kursu \u00f6\u011frencisi olan Harika Bal\u0131k\u2019a ait zeytin bah\u00e7esinde ger\u00e7ekle\u015ftirilen programa Yata\u011fan \u0130l\u00e7e M\u00fcft\u00fcs\u00fc Durmu\u015f Ali \u00c7etmi, Bah\u00e7eyaka Mahalle Muhtar\u0131 Kamil Kaptan, \u015eube M\u00fcd\u00fcr\u00fc \u0130smail Mutlu, Yata\u011fan M\u00fcft\u00fcl\u00fc\u011f\u00fc TDV g\u00f6n\u00fcll\u00fclerinden Merkez Kur\u2019an Kursu \u00f6\u011freticisi Hatice \u015eerit ve \u00f6\u011frencileri ile bah\u00e7e sahibi Harika Bal\u0131k ve ailesi kat\u0131ld\u0131.<\/p>\n<p>Program, \u015eube M\u00fcd\u00fcr\u00fc \u0130smail Mutlu\u2019nun Kur\u2019an-\u0131 Kerim tilavetiyle ba\u015flad\u0131. Ard\u0131ndan g\u00fcn\u00fcn anlam ve \u00f6nemine dair bir konu\u015fma yapan \u0130l\u00e7e M\u00fcft\u00fcs\u00fc Durmu\u015f Ali \u00c7etmi, zeytinin Kur\u2019an-\u0131 Kerim\u2019de ve hadislerde \u00f6nemine dikkat \u00e7ekerek, &#8220;Kur\u2019an-\u0131 Kerim\u2019de bir\u00e7ok ayette ismi ge\u00e7en zeytin, Peygamber Efendimizin (sas) de hadislerinde \u00f6vd\u00fc\u011f\u00fc g\u0131dalardan biridir. Nur Suresi 35. ayette \u2018m\u00fcbarek bir a\u011fa\u00e7\u2019 olarak nitelendirilen zeytine, Tin Suresi 2. ayette de dikkat \u00e7ekilmi\u015ftir. Allah Res\u00fbl\u00fc (sas) \u2018Zeytinya\u011f\u0131n\u0131 ekme\u011fe kat\u0131k ediniz ve bu ya\u011f\u0131 kullan\u0131n\u0131z. \u00c7\u00fcnk\u00fc bu ya\u011f, m\u00fcbarek bir a\u011fa\u00e7tand\u0131r\u2019 buyurmu\u015ftur. Zeytin, Rabbimizin bizlere sundu\u011fu say\u0131s\u0131z nimetlerden biri olmas\u0131n\u0131n yan\u0131 s\u0131ra b\u00f6lgemizin de en \u00f6nemli ge\u00e7im kaynaklar\u0131ndand\u0131r. \u015e\u00fckretti\u011fimiz takdirde nimetlerin artaca\u011f\u0131n\u0131 bizlere bildiren Rabbimize hamd ederek, yeni hasat y\u0131l\u0131m\u0131z\u0131 dualarla ba\u015flat\u0131yoruz. \u0130n\u015fallah kazas\u0131z belas\u0131z, hay\u0131rl\u0131 ve bereketli bir hasat d\u00f6nemi olur. Helalinden kazan\u0131p helal yollarda harcamay\u0131 Rabbim bizlere nasip eylesin&#8221; dedi.<\/p>\n<p>Konu\u015fman\u0131n ard\u0131ndan \u0130l\u00e7e M\u00fcft\u00fcs\u00fc Durmu\u015f Ali \u00c7etmi, hasat sezonunun t\u00fcm \u00fcreticiler i\u00e7in bereketli ge\u00e7mesi temennisiyle dua etti.<\/p>\n<p>Program\u0131n devam\u0131nda Yata\u011fan M\u00fcft\u00fcl\u00fc\u011f\u00fc TDV g\u00f6n\u00fcll\u00fclerinden olu\u015fan Merkez Kur\u2019an Kursu \u00f6\u011frencileri, \u00f6\u011freticileri Hatice \u015eerit rehberli\u011finde zeytin bah\u00e7esinde hasada yard\u0131mc\u0131 oldu.<br \/><\/p>\n","protected":false},"excerpt":{"rendered":"<p>Mu\u011fla Yata\u011fan \u0130l\u00e7e M\u00fcft\u00fcl\u00fc\u011f\u00fc, il\u00e7enin en \u00f6nemli gelir kaynaklar\u0131ndan biri olan zeytin hasad\u0131 d\u00f6neminde Bah\u00e7eyaka Mahallesi\u2019nde zeytin hasad\u0131 ve bereket duas\u0131 ger\u00e7ekle\u015ftirildi. Yata\u011fan \u0130l\u00e7e M\u00fcft\u00fcl\u00fc\u011f\u00fc, 2025-2026 zeytin hasat sezonunun t\u00fcm \u00fcreticiler i\u00e7in hay\u0131rl\u0131 ve bereketli ge\u00e7mesi amac\u0131yla Bah\u00e7eyaka Mahallesi\u2019nde zeytin hasad\u0131 ve bereket duas\u0131 ger\u00e7ekle\u015ftirildi. Merkez Kur\u2019an Kursu \u00f6\u011frencisi olan Harika Bal\u0131k\u2019a ait zeytin bah\u00e7esinde&#8230;<\/p>\n","protected":false},"author":1,"featured_media":74639,"comment_status":"open","ping_status":"open","sticky":false,"template":"","format":"standard","meta":{"_crdt_document":"","footnotes":""},"categories":[1],"tags":[],"class_list":["post-74638","post","type-post","status-publish","format-standard","has-post-thumbnail","hentry","category-guncel"],"_links":{"self":[{"href":"https:\/\/www.egemtv.com\/index.php?rest_route=\/wp\/v2\/posts\/74638","targetHints":{"allow":["GET"]}}],"collection":[{"href":"https:\/\/www.egemtv.com\/index.php?rest_route=\/wp\/v2\/posts"}],"about":[{"href":"https:\/\/www.egemtv.com\/index.php?rest_route=\/wp\/v2\/types\/post"}],"author":[{"embeddable":true,"href":"https:\/\/www.egemtv.com\/index.php?rest_route=\/wp\/v2\/users\/1"}],"replies":[{"embeddable":true,"href":"https:\/\/www.egemtv.com\/index.php?rest_route=%2Fwp%2Fv2%2Fcomments&post=74638"}],"version-history":[{"count":1,"href":"https:\/\/www.egemtv.com\/index.php?rest_route=\/wp\/v2\/posts\/74638\/revisions"}],"predecessor-version":[{"id":74640,"href":"https:\/\/www.egemtv.com\/index.php?rest_route=\/wp\/v2\/posts\/74638\/revisions\/74640"}],"wp:featuredmedia":[{"embeddable":true,"href":"https:\/\/www.egemtv.com\/index.php?rest_route=\/wp\/v2\/media\/74639"}],"wp:attachment":[{"href":"https:\/\/www.egemtv.com\/index.php?rest_route=%2Fwp%2Fv2%2Fmedia&parent=74638"}],"wp:term":[{"taxonomy":"category","embeddable":true,"href":"https:\/\/www.egemtv.com\/index.php?rest_route=%2Fwp%2Fv2%2Fcategories&post=74638"},{"taxonomy":"post_tag","embeddable":true,"href":"https:\/\/www.egemtv.com\/index.php?rest_route=%2Fwp%2Fv2%2Ftags&post=74638"}],"curies":[{"name":"wp","href":"https:\/\/api.w.org\/{rel}","templated":true}]}}