{"id":74632,"date":"2025-12-17T10:14:45","date_gmt":"2025-12-17T07:14:45","guid":{"rendered":"https:\/\/www.egemtv.com\/?p=74632"},"modified":"2025-12-17T10:14:46","modified_gmt":"2025-12-17T07:14:46","slug":"msku-toplumla-bulusmayi-surduruyor","status":"publish","type":"post","link":"https:\/\/www.egemtv.com\/?p=74632","title":{"rendered":"MSK\u00dc toplumla bulu\u015fmay\u0131 s\u00fcrd\u00fcr\u00fcyor"},"content":{"rendered":"<p>MSK\u00dc, \u2018Birlikte Geli\u015fim Program\u0131\u2019 kapsam\u0131nda Ula\u2019n\u0131n \u00c7\u0131tl\u0131k Mahallesi\u2019nde \u00f6\u011frenci ve velilerle bir araya gelerek, sa\u011fl\u0131k ve sosyal uygulamalara y\u00f6nelik \u00e7al\u0131\u015fma ger\u00e7ekle\u015ftirdi.<br \/>\n<br \/>Mu\u011fla S\u0131tk\u0131 Ko\u00e7man \u00dcniversitesi (MSK\u00dc), Bilim \u0130leti\u015fim Ofisi (B\u0130O) etkinlikleri ve \u2018Birlikte Geli\u015fim Program\u0131\u2019 kapsam\u0131nda k\u0131rsal mahallelerde ya\u015fayan \u00f6\u011frenci ve velilere y\u00f6nelik b\u00fct\u00fcnc\u00fcl bir destek \u00e7al\u0131\u015fmas\u0131 ba\u015flatm\u0131\u015ft\u0131.  Ge\u00e7ti\u011fimiz May\u0131s ay\u0131nda Mente\u015fe\u2019nin Dokuz\u00e7am Mahallesi\u2019nde yap\u0131lan program\u0131n ikinci dura\u011f\u0131 Ula\u2019n\u0131n \u00c7\u0131tl\u0131k Mahallesi oldu.<br \/>\n<br \/>\u00c7\u0131tl\u0131k \u0130lkokulunda \u00f6\u011frencilerle bulu\u015fan MSK\u00dc, sa\u011fl\u0131k hizmetlerinden e\u011fitici faaliyetlere, veli seminerlerinden sosyal geli\u015fimi destekleyen uygulamalara kadar bir\u00e7ok \u00e7al\u0131\u015fma yapt\u0131.<br \/>\n<br \/>Sa\u011fl\u0131k taramas\u0131<br \/>\n<br \/>Program kapsam\u0131nda ilk olarak Di\u015f Hekimli\u011fi Fak\u00fcltesi taraf\u0131ndan \u00f6\u011frencilerin a\u011f\u0131z ve di\u015f taramas\u0131 yap\u0131ld\u0131. Bilgi ama\u00e7l\u0131 e\u011fitimin de verildi\u011fi etkinlikte, minik \u00f6\u011frencilere di\u015f f\u0131r\u00e7as\u0131 ve macunu da\u011f\u0131t\u0131ld\u0131.<br \/>\n<br \/>T\u0131p Fak\u00fcltesi taraf\u0131ndan ise \u00f6\u011frencilere genel sa\u011fl\u0131k taramas\u0131 yap\u0131ld\u0131.  Ayr\u0131ca, \u00f6\u011frencilere psikolojik de\u011ferlendirme amac\u0131yla &#8220;Depresyon \u00d6l\u00e7e\u011fi&#8221; ve &#8220;Sosyal Anksiyete Bozuklu\u011fu Tarama \u00d6l\u00e7e\u011fi&#8221; uyguland\u0131. Tedavi gerektiren durumlar i\u00e7in ileri tetkik ve hastane y\u00f6nlendirmeleri yap\u0131larak gerekli randevular olu\u015fturuldu.<br \/>\n<br \/>E\u011fitici ve sportif faaliyetler<br \/>\n<br \/>E\u011fitim Fak\u00fcltesi ve Spor Bilimleri Fak\u00fcltesi i\u015f birli\u011fiyle; \u00f6\u011frencilere e\u011fitici oyunlar, at\u00f6lye \u00e7al\u0131\u015fmalar\u0131 ve sosyal geli\u015fim odakl\u0131 etkinlikler yap\u0131ld\u0131. Su Roketi, Sanal Ger\u00e7eklik (VR G\u00f6zl\u00fck), Denge Ku\u015fu, Y\u00fcz Boyama, Balonla Bardak \u0130tme, Vi\u015fne Suyu Bardak \u00c7ekme, Renkli Ka\u011f\u0131tlar, Pinpon Bardak, Sandalye Kapmaca, Origami, Pickleball ve yap\u0131lan bir\u00e7ok sportif faaliyetle renkli g\u00f6r\u00fcnt\u00fcler ortaya \u00e7\u0131kt\u0131.<br \/>\n<br \/>Ayr\u0131ca, akran zorbal\u0131\u011f\u0131 konulu drama y\u00f6ntemiyle ki\u015fisel fark\u0131ndal\u0131k gibi g\u00fcncel sorunlara y\u00f6nelik e\u011fitimler de verildi.<br \/>\n<br \/>Velilere e\u011fitim<br \/>\n<br \/>Program sadece \u00f6\u011frencilerle s\u0131n\u0131rl\u0131 kalmad\u0131. Velilere &#8220;Mahremiyet ve G\u00fcven Semineri&#8221; de verildi. B\u00f6ylece ailelerin, \u00e7ocuklar\u0131n\u0131n geli\u015fim s\u00fcrecine etkin bi\u00e7imde kat\u0131lmas\u0131 ve toplumsal bilin\u00e7lenmenin sa\u011flanmas\u0131 hedeflendi. G\u00f6n\u00fcll\u00fc \u00fcniversite \u00f6\u011frencileri bu s\u00fcre\u00e7te toplumsal katk\u0131 sa\u011flayarak sosyal sorumluluk bilinci kazand\u0131, farkl\u0131 toplumsal \u015fartlar\u0131 tan\u0131ma ve \u00e7\u00f6z\u00fcm \u00fcretme becerileri geli\u015ftirme f\u0131rsat\u0131 buldu<br \/>\n<br \/>Rekt\u00f6r Prof. Dr. Turhan Ka\u00e7ar da kat\u0131ld\u0131<br \/>\n<br \/>MSK\u00dc Rekt\u00f6r\u00fc Prof. Dr. Turhan Ka\u00e7ar ve Rekt\u00f6r Yard\u0131mc\u0131s\u0131 Prof. Dr. Hatice Hicret \u00d6zko\u00e7 da etkinli\u011fe kat\u0131larak, \u00f6\u011frenci ve velilerle bir araya geldi. MSK\u00dc\u2019n\u00fcn ya\u015fad\u0131\u011f\u0131 b\u00f6lgenin sorunlar\u0131na da \u00e7\u00f6zme gayretinde olan bir kurum oldu\u011funu ifade eden Rekt\u00f6r Prof. Dr. Turhan Ka\u00e7ar, &#8220;Y\u00d6K b\u00fcnyesinde Bilim \u0130leti\u015fim Ofisleri vas\u0131tas\u0131yla k\u0131rsal mahallelerimizde \u00e7ocuklar\u0131n geli\u015fimi, e\u011fitimi, ki\u015fisel geli\u015fimi ve ileti\u015fim kurmadaki becerisi \u00fczerine birtak\u0131m programlar uyguluyoruz. \u00dcniversiteler sadece bilim kurumu, ara\u015ft\u0131rma merkezi veya e\u011fitim \u00f6\u011fretim kurumu de\u011fil ayn\u0131 zamanda ya\u015fad\u0131\u011f\u0131 b\u00f6lgenin sorunlar\u0131na da \u00e7\u00f6zme gayretindeolan bir kurum. Bu program\u0131n ilk dura\u011f\u0131 Mente\u015fe\u2019nin Dokuz\u00e7am Mahallesiydi. \u0130kinci dura\u011f\u0131m\u0131z Ula \u00c7\u0131tl\u0131k oldu. Halkla i\u00e7 i\u00e7e olmay\u0131 s\u00fcrd\u00fcrece\u011fiz&#8221; diye konu\u015ftu.<br \/><\/p>\n","protected":false},"excerpt":{"rendered":"<p>MSK\u00dc, \u2018Birlikte Geli\u015fim Program\u0131\u2019 kapsam\u0131nda Ula\u2019n\u0131n \u00c7\u0131tl\u0131k Mahallesi\u2019nde \u00f6\u011frenci ve velilerle bir araya gelerek, sa\u011fl\u0131k ve sosyal uygulamalara y\u00f6nelik \u00e7al\u0131\u015fma ger\u00e7ekle\u015ftirdi. Mu\u011fla S\u0131tk\u0131 Ko\u00e7man \u00dcniversitesi (MSK\u00dc), Bilim \u0130leti\u015fim Ofisi (B\u0130O) etkinlikleri ve \u2018Birlikte Geli\u015fim Program\u0131\u2019 kapsam\u0131nda k\u0131rsal mahallelerde ya\u015fayan \u00f6\u011frenci ve velilere y\u00f6nelik b\u00fct\u00fcnc\u00fcl bir destek \u00e7al\u0131\u015fmas\u0131 ba\u015flatm\u0131\u015ft\u0131. Ge\u00e7ti\u011fimiz May\u0131s ay\u0131nda Mente\u015fe\u2019nin Dokuz\u00e7am Mahallesi\u2019nde yap\u0131lan&#8230;<\/p>\n","protected":false},"author":1,"featured_media":74633,"comment_status":"open","ping_status":"open","sticky":false,"template":"","format":"standard","meta":{"_crdt_document":"","footnotes":""},"categories":[1],"tags":[],"class_list":["post-74632","post","type-post","status-publish","format-standard","has-post-thumbnail","hentry","category-guncel"],"_links":{"self":[{"href":"https:\/\/www.egemtv.com\/index.php?rest_route=\/wp\/v2\/posts\/74632","targetHints":{"allow":["GET"]}}],"collection":[{"href":"https:\/\/www.egemtv.com\/index.php?rest_route=\/wp\/v2\/posts"}],"about":[{"href":"https:\/\/www.egemtv.com\/index.php?rest_route=\/wp\/v2\/types\/post"}],"author":[{"embeddable":true,"href":"https:\/\/www.egemtv.com\/index.php?rest_route=\/wp\/v2\/users\/1"}],"replies":[{"embeddable":true,"href":"https:\/\/www.egemtv.com\/index.php?rest_route=%2Fwp%2Fv2%2Fcomments&post=74632"}],"version-history":[{"count":1,"href":"https:\/\/www.egemtv.com\/index.php?rest_route=\/wp\/v2\/posts\/74632\/revisions"}],"predecessor-version":[{"id":74634,"href":"https:\/\/www.egemtv.com\/index.php?rest_route=\/wp\/v2\/posts\/74632\/revisions\/74634"}],"wp:featuredmedia":[{"embeddable":true,"href":"https:\/\/www.egemtv.com\/index.php?rest_route=\/wp\/v2\/media\/74633"}],"wp:attachment":[{"href":"https:\/\/www.egemtv.com\/index.php?rest_route=%2Fwp%2Fv2%2Fmedia&parent=74632"}],"wp:term":[{"taxonomy":"category","embeddable":true,"href":"https:\/\/www.egemtv.com\/index.php?rest_route=%2Fwp%2Fv2%2Fcategories&post=74632"},{"taxonomy":"post_tag","embeddable":true,"href":"https:\/\/www.egemtv.com\/index.php?rest_route=%2Fwp%2Fv2%2Ftags&post=74632"}],"curies":[{"name":"wp","href":"https:\/\/api.w.org\/{rel}","templated":true}]}}