{"id":74629,"date":"2025-12-17T09:54:59","date_gmt":"2025-12-17T06:54:59","guid":{"rendered":"https:\/\/www.egemtv.com\/?p=74629"},"modified":"2025-12-17T09:55:00","modified_gmt":"2025-12-17T06:55:00","slug":"kaymakam-dogru-ilce-idare-sube-baskanlari-toplantisina-katildi","status":"publish","type":"post","link":"https:\/\/www.egemtv.com\/?p=74629","title":{"rendered":"Kaymakam Do\u011fru, \u0130l\u00e7e \u0130dare \u015eube Ba\u015fkanlar\u0131 Toplant\u0131s\u0131\u2019na kat\u0131ld\u0131"},"content":{"rendered":"<p>Germencik Kaymakam\u0131 Sultan Do\u011fru, \u0130l\u00e7e Gen\u00e7lik Merkezinde d\u00fczenlenen \u0130l\u00e7e \u0130dare \u015eube Ba\u015fkanlar\u0131 Toplant\u0131s\u0131\u2019na kat\u0131ld\u0131.<\/p>\n<p>Toplant\u0131da, il\u00e7ede kamu hizmetlerinin daha etkin ve h\u0131zl\u0131 y\u00fcr\u00fct\u00fclmesi amac\u0131yla kurumlar aras\u0131 ileti\u015fim ve koordinasyonun sa\u011flanmas\u0131 konusu ele al\u0131nd\u0131. Vatanda\u015flar\u0131n hizmet alma s\u00fcrecinde kar\u015f\u0131la\u015ft\u0131klar\u0131 aksakl\u0131klar de\u011ferlendirilirken, bu sorunlar\u0131n giderilmesine y\u00f6nelik al\u0131nacak tedbirler \u00fczerinde duruldu. Kaymakam Sultan Do\u011fru, kamu kurumlar\u0131n\u0131n uyum i\u00e7inde \u00e7al\u0131\u015fmas\u0131n\u0131n vatanda\u015f memnuniyetini do\u011frudan etkiledi\u011fini vurgulayarak, hizmetlerde ya\u015fanan sorunlar\u0131n yerinde tespit edilmesi ve \u00e7\u00f6z\u00fcm odakl\u0131 bir anlay\u0131\u015fla hareket edilmesinin \u00f6nemine dikkat \u00e7ekti.<\/p>\n<p>Toplant\u0131, g\u00f6r\u00fc\u015f ve \u00f6nerilerin payla\u015f\u0131lmas\u0131n\u0131n ard\u0131ndan sona erdi.<br \/><\/p>\n","protected":false},"excerpt":{"rendered":"<p>Germencik Kaymakam\u0131 Sultan Do\u011fru, \u0130l\u00e7e Gen\u00e7lik Merkezinde d\u00fczenlenen \u0130l\u00e7e \u0130dare \u015eube Ba\u015fkanlar\u0131 Toplant\u0131s\u0131\u2019na kat\u0131ld\u0131. Toplant\u0131da, il\u00e7ede kamu hizmetlerinin daha etkin ve h\u0131zl\u0131 y\u00fcr\u00fct\u00fclmesi amac\u0131yla kurumlar aras\u0131 ileti\u015fim ve koordinasyonun sa\u011flanmas\u0131 konusu ele al\u0131nd\u0131. Vatanda\u015flar\u0131n hizmet alma s\u00fcrecinde kar\u015f\u0131la\u015ft\u0131klar\u0131 aksakl\u0131klar de\u011ferlendirilirken, bu sorunlar\u0131n giderilmesine y\u00f6nelik al\u0131nacak tedbirler \u00fczerinde duruldu. Kaymakam Sultan Do\u011fru, kamu kurumlar\u0131n\u0131n uyum i\u00e7inde&#8230;<\/p>\n","protected":false},"author":1,"featured_media":74630,"comment_status":"open","ping_status":"open","sticky":false,"template":"","format":"standard","meta":{"_crdt_document":"","footnotes":""},"categories":[1],"tags":[],"class_list":["post-74629","post","type-post","status-publish","format-standard","has-post-thumbnail","hentry","category-guncel"],"_links":{"self":[{"href":"https:\/\/www.egemtv.com\/index.php?rest_route=\/wp\/v2\/posts\/74629","targetHints":{"allow":["GET"]}}],"collection":[{"href":"https:\/\/www.egemtv.com\/index.php?rest_route=\/wp\/v2\/posts"}],"about":[{"href":"https:\/\/www.egemtv.com\/index.php?rest_route=\/wp\/v2\/types\/post"}],"author":[{"embeddable":true,"href":"https:\/\/www.egemtv.com\/index.php?rest_route=\/wp\/v2\/users\/1"}],"replies":[{"embeddable":true,"href":"https:\/\/www.egemtv.com\/index.php?rest_route=%2Fwp%2Fv2%2Fcomments&post=74629"}],"version-history":[{"count":1,"href":"https:\/\/www.egemtv.com\/index.php?rest_route=\/wp\/v2\/posts\/74629\/revisions"}],"predecessor-version":[{"id":74631,"href":"https:\/\/www.egemtv.com\/index.php?rest_route=\/wp\/v2\/posts\/74629\/revisions\/74631"}],"wp:featuredmedia":[{"embeddable":true,"href":"https:\/\/www.egemtv.com\/index.php?rest_route=\/wp\/v2\/media\/74630"}],"wp:attachment":[{"href":"https:\/\/www.egemtv.com\/index.php?rest_route=%2Fwp%2Fv2%2Fmedia&parent=74629"}],"wp:term":[{"taxonomy":"category","embeddable":true,"href":"https:\/\/www.egemtv.com\/index.php?rest_route=%2Fwp%2Fv2%2Fcategories&post=74629"},{"taxonomy":"post_tag","embeddable":true,"href":"https:\/\/www.egemtv.com\/index.php?rest_route=%2Fwp%2Fv2%2Ftags&post=74629"}],"curies":[{"name":"wp","href":"https:\/\/api.w.org\/{rel}","templated":true}]}}